{"id":69371,"date":"2023-10-03T08:38:00","date_gmt":"2023-10-03T11:38:00","guid":{"rendered":"https:\/\/tvc16.com\/portal\/?p=69371"},"modified":"2023-10-03T06:40:31","modified_gmt":"2023-10-03T09:40:31","slug":"secretaria-de-trabalho-e-renda-divulga-2-667-vagas-de-emprego-e-estagio-no-estado-do-rio","status":"publish","type":"post","link":"https:\/\/tvc16.com\/portal\/2023\/10\/03\/secretaria-de-trabalho-e-renda-divulga-2-667-vagas-de-emprego-e-estagio-no-estado-do-rio\/","title":{"rendered":"Secretaria de Trabalho e Renda divulga 2.667 vagas de emprego e est\u00e1gio no Estado do Rio"},"content":{"rendered":"\n<p>Pessoas com defici\u00eancia podem concorrer a v\u00e1rias vagas, com sal\u00e1rio que chega a R$ 7.920<\/p>\n\n\n\n<p>O Rio de Janeiro come\u00e7a o m\u00eas de outubro com a oferta de 2.667 oportunidades de emprego e est\u00e1gio para a popula\u00e7\u00e3o fluminense. A secretaria estadual de Trabalho e Renda disponibiliza 1.082 vagas nas regi\u00f5es Metropolitana, M\u00e9dio Para\u00edba e Serrana, atrav\u00e9s dos postos do Sistema Nacional de Emprego (Sine), enquanto as 1.585 chances para est\u00e1gio s\u00e3o fruto de parceria com a Funda\u00e7\u00e3o Mudes e Centro de Integra\u00e7\u00e3o Empresa Escola (CIEE).<\/p>\n\n\n\n<p>A maioria das vagas de emprego est\u00e1 localizada na regi\u00e3o Metropolitana, onde h\u00e1 excelentes oportunidades para pessoas com defici\u00eancia, tais como fonoaudi\u00f3logo, terapeuta ocupacional e assistente administrativo. Os sal\u00e1rios podem chegar a R$ 7.920. A mesma regi\u00e3o tem ainda oportunidades que exigem desde o Ensino Fundamental at\u00e9 o Superior completo, como as de bi\u00f3logo, na Barra da Tijuca, as 15 para gerente de supermercados, nos bairros de Copacabana e Ipanema, e uma para o munic\u00edpio de Belford Roxo, para t\u00e9cnico de edifica\u00e7\u00f5es. Os sal\u00e1rios chegam a R$ 5.280.<\/p>\n\n\n\n<p>Na regi\u00e3o do M\u00e9dio Para\u00edba foram captadas 68 vagas com remunera\u00e7\u00f5es de at\u00e9 dois sal\u00e1rios m\u00ednimos (R$ 2.640) como as 20 de auxiliar de servi\u00e7os de alimenta\u00e7\u00e3o, em Valen\u00e7a, e as 10 para auxiliar de limpeza em Itatiaia, ambas com experi\u00eancia. Tamb\u00e9m existem op\u00e7\u00f5es que n\u00e3o exigem grau de escolaridade, mas pedem experi\u00eancia anterior na fun\u00e7\u00e3o, tais como marceneiro, carpinteiro, operador de caldeira, t\u00e9cnico de seguran\u00e7a do trabalho, entre outras.<\/p>\n\n\n\n<p>J\u00e1 as vagas da regi\u00e3o Serrana est\u00e3o concentradas na cidade de Teres\u00f3polis. Algumas exigem o Ensino M\u00e9dio completo, como as de balconista e consultor de vendas, e outras, como as de copeiro, auxiliar de limpeza e bombeiro hidr\u00e1ulico, n\u00e3o requerem escolaridade. Quem tem experi\u00eancia como cozinheiro pode se candidatar a vagas oferecidas no bairro de V\u00e1rzea, com sal\u00e1rio de at\u00e9 R$ 3.960.<\/p>\n\n\n\n<p>De acordo com o Observat\u00f3rio do Trabalho da Secretaria de Estado de Trabalho e Renda, 52,2% das vagas captadas s\u00e3o do setor de Servi\u00e7os e 47,8% do com\u00e9rcio. Por n\u00edvel de escolaridade exigida, 51,8% pedem Ensino M\u00e9dio completo e 29,0%, o Ensino Fundamental completo. Quanto aos sal\u00e1rios oferecidos, 49% das vagas oferecem at\u00e9 dois sal\u00e1rios m\u00ednimos (R$ 2.640) e 40,0% at\u00e9 um sal\u00e1rio m\u00ednimo (R$ 1.320). E em rela\u00e7\u00e3o \u00e0 experi\u00eancia, 78,3% das vagas pedem experi\u00eancia.<\/p>\n\n\n\n<p>\u00c9 importante manter cadastro e curr\u00edculos atualizados no Sistema Nacional de Emprego, que analisa o perfil do candidato e a vaga cadastrada pelo empregador. Para se inscrever ou atualizar o cadastro, \u00e9 necess\u00e1rio ir a uma unidade do Sine levando os documentos de identifica\u00e7\u00e3o civil, carteira de trabalho, PIS\/PASEP\/NIT\/NIS e CPF. Para consultar o endere\u00e7o das unidades e os detalhes de todas as vagas oferecidas, basta acessar o Painel Interativo de Vagas da Secretaria de Trabalho e Renda do estado, dispon\u00edvel no site http:\/\/www.trabalho.rj.gov.br\/ .<\/p>\n\n\n\n<p>Em parceria com o CIEE e com a Funda\u00e7\u00e3o Mudes, a Secretaria de Trabalho e Renda tamb\u00e9m est\u00e1 divulgando est\u00e1gios para diferentes n\u00edveis de escolaridades, al\u00e9m de oportunidades para jovem aprendiz. A Funda\u00e7\u00e3o Mudes oferece 252 vagas de est\u00e1gio nos n\u00edveis Superior, M\u00e9dio e T\u00e9cnico, com bolsa-aux\u00edlio que pode chegar a R$ 2.000. Para se candidatar, basta acessar https:\/\/www.mudes.org.br\/ .<\/p>\n\n\n\n<p>O CIEE, por sua vez, colocou \u00e0 disposi\u00e7\u00e3o da popula\u00e7\u00e3o fluminense 1.333 oportunidades de est\u00e1gio, 770 das quais para Ensino Superior e 563 para Ensino M\u00e9dio, t\u00e9cnico e jovem aprendiz. Outras informa\u00e7\u00f5es podem ser obtidas em http:\/\/www.ciee.org.br\/ .<\/p>\n\n\n\n<p><em>N\u00facleo de Comunica\u00e7\u00e3o do Estado<\/em> <\/p>\n","protected":false},"excerpt":{"rendered":"<p>Pessoas com defici\u00eancia podem concorrer a v\u00e1rias vagas, com sal\u00e1rio que chega a R$ 7.920<\/p>\n","protected":false},"author":2,"featured_media":69372,"comment_status":"open","ping_status":"open","sticky":false,"template":"","format":"standard","meta":{"footnotes":""},"categories":[17],"tags":[],"class_list":["post-69371","post","type-post","status-publish","format-standard","has-post-thumbnail","hentry","category-outras-noticias"],"_links":{"self":[{"href":"https:\/\/tvc16.com\/portal\/wp-json\/wp\/v2\/posts\/69371","targetHints":{"allow":["GET"]}}],"collection":[{"href":"https:\/\/tvc16.com\/portal\/wp-json\/wp\/v2\/posts"}],"about":[{"href":"https:\/\/tvc16.com\/portal\/wp-json\/wp\/v2\/types\/post"}],"author":[{"embeddable":true,"href":"https:\/\/tvc16.com\/portal\/wp-json\/wp\/v2\/users\/2"}],"replies":[{"embeddable":true,"href":"https:\/\/tvc16.com\/portal\/wp-json\/wp\/v2\/comments?post=69371"}],"version-history":[{"count":1,"href":"https:\/\/tvc16.com\/portal\/wp-json\/wp\/v2\/posts\/69371\/revisions"}],"predecessor-version":[{"id":69373,"href":"https:\/\/tvc16.com\/portal\/wp-json\/wp\/v2\/posts\/69371\/revisions\/69373"}],"wp:featuredmedia":[{"embeddable":true,"href":"https:\/\/tvc16.com\/portal\/wp-json\/wp\/v2\/media\/69372"}],"wp:attachment":[{"href":"https:\/\/tvc16.com\/portal\/wp-json\/wp\/v2\/media?parent=69371"}],"wp:term":[{"taxonomy":"category","embeddable":true,"href":"https:\/\/tvc16.com\/portal\/wp-json\/wp\/v2\/categories?post=69371"},{"taxonomy":"post_tag","embeddable":true,"href":"https:\/\/tvc16.com\/portal\/wp-json\/wp\/v2\/tags?post=69371"}],"curies":[{"name":"wp","href":"https:\/\/api.w.org\/{rel}","templated":true}]}}