{"id":6938,"date":"2020-11-28T13:11:59","date_gmt":"2020-11-28T16:11:59","guid":{"rendered":"https:\/\/tvc16.com\/portal\/?p=6938"},"modified":"2020-11-28T13:12:02","modified_gmt":"2020-11-28T16:12:02","slug":"produtores-rurais-tem-ate-31-de-dezembro-para-aderir-ao-cadastro-ambiental-rural","status":"publish","type":"post","link":"https:\/\/tvc16.com\/portal\/2020\/11\/28\/produtores-rurais-tem-ate-31-de-dezembro-para-aderir-ao-cadastro-ambiental-rural\/","title":{"rendered":"Produtores rurais t\u00eam at\u00e9 31 de dezembro para aderir ao Cadastro Ambiental Rural"},"content":{"rendered":"\n<p>Produtores rurais t\u00eam at\u00e9 31 de dezembro para fazer a ades\u00e3o ao Cadastro Rural Ambiental (CAR) para que possam garantir os benef\u00edcios do Programa de Regulariza\u00e7\u00e3o Ambiental (PRA) que est\u00e3o previstos no C\u00f3digo Florestal. N\u00e3o h\u00e1 prazo para o cadastro, mas essa \u00e9 a data limite para que os agricultores n\u00e3o percam incentivos. Segundo o Governo Federal, a inscri\u00e7\u00e3o no CAR \u00e9 o primeiro passo para a aquisi\u00e7\u00e3o da declara\u00e7\u00e3o de regularidade ambiental do im\u00f3vel rural.<\/p>\n\n\n\n<p>\u00a0A Confedera\u00e7\u00e3o da Agricultura e Pecu\u00e1ria do Brasil (CNA) refor\u00e7a que, al\u00e9m de estarem em conformidade com a legisla\u00e7\u00e3o ambiental, os produtores que realizam o cadastro no CAR ter\u00e3o \u00a0dois anos para implementar o programa e cumprirem com as obriga\u00e7\u00f5es relacionadas ao meio ambiente.\u00a0<\/p>\n\n\n\n<p>O Cadastro Ambiental Rural foi criado em 2012 com a san\u00e7\u00e3o do C\u00f3digo Florestal Brasileiro, mas foi regulamentado em 2014, com a publica\u00e7\u00e3o de uma instru\u00e7\u00e3o normativa do Ibama. &nbsp;Para mais informa\u00e7\u00f5es, acesse:&nbsp;<a href=\"http:\/\/www.car.gov.br\" target=\"_blank\" rel=\"noreferrer noopener\">www.car.gov.br<\/a><\/p>\n\n\n\n<p>Fonte: <a href=\"https:\/\/brasil61.com\/noticias\/produtores-rurais-tem-ate-31-de-dezembro-para-aderir-ao-cadastro-ambiental-rural-bras202792\" target=\"_blank\" rel=\"noreferrer noopener\">Brasil 61<\/a><\/p>\n","protected":false},"excerpt":{"rendered":"<p>Produtores rurais t\u00eam at\u00e9 31 de dezembro para fazer a ades\u00e3o ao Cadastro Rural Ambiental<\/p>\n","protected":false},"author":2,"featured_media":6939,"comment_status":"open","ping_status":"open","sticky":false,"template":"","format":"standard","meta":{"footnotes":""},"categories":[17],"tags":[],"class_list":["post-6938","post","type-post","status-publish","format-standard","has-post-thumbnail","hentry","category-outras-noticias"],"_links":{"self":[{"href":"https:\/\/tvc16.com\/portal\/wp-json\/wp\/v2\/posts\/6938","targetHints":{"allow":["GET"]}}],"collection":[{"href":"https:\/\/tvc16.com\/portal\/wp-json\/wp\/v2\/posts"}],"about":[{"href":"https:\/\/tvc16.com\/portal\/wp-json\/wp\/v2\/types\/post"}],"author":[{"embeddable":true,"href":"https:\/\/tvc16.com\/portal\/wp-json\/wp\/v2\/users\/2"}],"replies":[{"embeddable":true,"href":"https:\/\/tvc16.com\/portal\/wp-json\/wp\/v2\/comments?post=6938"}],"version-history":[{"count":1,"href":"https:\/\/tvc16.com\/portal\/wp-json\/wp\/v2\/posts\/6938\/revisions"}],"predecessor-version":[{"id":6940,"href":"https:\/\/tvc16.com\/portal\/wp-json\/wp\/v2\/posts\/6938\/revisions\/6940"}],"wp:featuredmedia":[{"embeddable":true,"href":"https:\/\/tvc16.com\/portal\/wp-json\/wp\/v2\/media\/6939"}],"wp:attachment":[{"href":"https:\/\/tvc16.com\/portal\/wp-json\/wp\/v2\/media?parent=6938"}],"wp:term":[{"taxonomy":"category","embeddable":true,"href":"https:\/\/tvc16.com\/portal\/wp-json\/wp\/v2\/categories?post=6938"},{"taxonomy":"post_tag","embeddable":true,"href":"https:\/\/tvc16.com\/portal\/wp-json\/wp\/v2\/tags?post=6938"}],"curies":[{"name":"wp","href":"https:\/\/api.w.org\/{rel}","templated":true}]}}