{"id":69384,"date":"2023-10-03T08:27:04","date_gmt":"2023-10-03T11:27:04","guid":{"rendered":"https:\/\/tvc16.com\/portal\/?p=69384"},"modified":"2023-10-03T11:25:04","modified_gmt":"2023-10-03T14:25:04","slug":"emendas-impositivas-atrasam-e-vereadores-cobram-bomtempo-2","status":"publish","type":"post","link":"https:\/\/tvc16.com\/portal\/2023\/10\/03\/emendas-impositivas-atrasam-e-vereadores-cobram-bomtempo-2\/","title":{"rendered":"Emendas impositivas atrasam e vereadores cobram Bomtempo"},"content":{"rendered":"\n<p>A audi\u00eancia p\u00fablica que apresentou o resultado fiscal de Petr\u00f3polis tamb\u00e9m contou com cobran\u00e7as de vereadores. As emendas impositivas na Lei Or\u00e7ament\u00e1ria Anual (LOA) ainda n\u00e3o foram cumpridas. Na sess\u00e3o, no entanto, o munic\u00edpio apresentou que Petr\u00f3polis teve cerca de R$ 135 milh\u00f5es de super\u00e1vit, ou seja, as receitas superaram as despesas.<\/p>\n\n\n\n<p>\u201cN\u00e3o tem problema nenhum de pagar nossas emendas impositivas, visto que temos super\u00e1vit. Temos como cobrar do prefeito\u201d, disse o vereador Mauro Peralta (PRTB) na audi\u00eancia.<\/p>\n\n\n\n<p>Fora da audi\u00eancia, os vereadores tamb\u00e9m cobram. Eduardo do Blog (Republicanos) e Oct\u00e1vio Sampaio (Uni\u00e3o) informaram nesta segunda-feira (02), ao Correio Petropolitano, que entendem que o prefeito Rubens Bomtempo pode responder por improbidade, caso n\u00e3o fa\u00e7a a execu\u00e7\u00e3o das emendas at\u00e9 31 de dezembro.<\/p>\n\n\n\n<p>\u201cEstamos na luta para que o prefeito Rubens Bomtempo libere estes recursos, pois n\u00e3o s\u00e3o da Prefeitura. Desde janeiro, j\u00e1 poderiam ser liberados\u201d, disse o vereador Eduardo do Blog, que \u201ccarimbou\u201d verbas para a Associa\u00e7\u00e3o de Pais e Amigos dos Excepcionais (Apae), Grupo Amigo dos Autistas (Gaape) e Associa\u00e7\u00e3o Filantr\u00f3pica (Afipe).<\/p>\n\n\n\n<p>Sampaio destinou verba para Defesa Civil, Sa\u00fade e pequenos reparos em escolas paroquiais. \u201cO prefeito tem at\u00e9 31 de dezembro para cumprir, mas n\u00e3o d\u00e1, pois j\u00e1 estamos em outubro. Se ele n\u00e3o cumprir, vai entrar ano que vem e, por mim, cabe cassa\u00e7\u00e3o\u201d, disse.<\/p>\n\n\n\n<p>O vereador Marcelo Lessa informou que dialoga com o governo municipal, que dever\u00e1 executar as interven\u00e7\u00f5es previstas. \u201cO governo vem atendendo todas as demandas solicitadas e n\u00e3o ser\u00e1 diferente com essas emendas, por isso confio que os recursos ser\u00e3o devidamente aplicados\u201d, disse o parlamentar, que destinou recursos para reformas de espa\u00e7os p\u00fablicos.<\/p>\n\n\n\n<p>Para o or\u00e7amento deste ano, os vereadores apresentaram 172 emendas impositivas, em um total de mais de R$ 17 milh\u00f5es. S\u00e3o quando os parlamentares \u201ccarimbam\u201d aonde a Prefeitura deve aplicar verbas e os gabinetes n\u00e3o podem ultrapassar 1,2% da receita l\u00edquida corrente prevista. As regras s\u00e3o previstas na Constitui\u00e7\u00e3o Federal e tamb\u00e9m na Lei Org\u00e2nica do Munic\u00edpio.<\/p>\n\n\n\n<p>Procurada, a Prefeitura n\u00e3o respondeu at\u00e9 o fechamento desta edi\u00e7\u00e3o.<\/p>\n\n\n\n<p>Por Wellington Daniel\/foto: TVC<\/p>\n","protected":false},"excerpt":{"rendered":"<p>A audi\u00eancia p\u00fablica que apresentou o resultado fiscal de Petr\u00f3polis tamb\u00e9m contou com cobran\u00e7as de<\/p>\n","protected":false},"author":2,"featured_media":69385,"comment_status":"open","ping_status":"open","sticky":false,"template":"","format":"standard","meta":{"footnotes":""},"categories":[12],"tags":[],"class_list":["post-69384","post","type-post","status-publish","format-standard","has-post-thumbnail","hentry","category-cidade"],"_links":{"self":[{"href":"https:\/\/tvc16.com\/portal\/wp-json\/wp\/v2\/posts\/69384","targetHints":{"allow":["GET"]}}],"collection":[{"href":"https:\/\/tvc16.com\/portal\/wp-json\/wp\/v2\/posts"}],"about":[{"href":"https:\/\/tvc16.com\/portal\/wp-json\/wp\/v2\/types\/post"}],"author":[{"embeddable":true,"href":"https:\/\/tvc16.com\/portal\/wp-json\/wp\/v2\/users\/2"}],"replies":[{"embeddable":true,"href":"https:\/\/tvc16.com\/portal\/wp-json\/wp\/v2\/comments?post=69384"}],"version-history":[{"count":2,"href":"https:\/\/tvc16.com\/portal\/wp-json\/wp\/v2\/posts\/69384\/revisions"}],"predecessor-version":[{"id":69404,"href":"https:\/\/tvc16.com\/portal\/wp-json\/wp\/v2\/posts\/69384\/revisions\/69404"}],"wp:featuredmedia":[{"embeddable":true,"href":"https:\/\/tvc16.com\/portal\/wp-json\/wp\/v2\/media\/69385"}],"wp:attachment":[{"href":"https:\/\/tvc16.com\/portal\/wp-json\/wp\/v2\/media?parent=69384"}],"wp:term":[{"taxonomy":"category","embeddable":true,"href":"https:\/\/tvc16.com\/portal\/wp-json\/wp\/v2\/categories?post=69384"},{"taxonomy":"post_tag","embeddable":true,"href":"https:\/\/tvc16.com\/portal\/wp-json\/wp\/v2\/tags?post=69384"}],"curies":[{"name":"wp","href":"https:\/\/api.w.org\/{rel}","templated":true}]}}