{"id":69391,"date":"2023-10-03T08:30:32","date_gmt":"2023-10-03T11:30:32","guid":{"rendered":"https:\/\/tvc16.com\/portal\/?p=69391"},"modified":"2023-10-03T08:30:32","modified_gmt":"2023-10-03T11:30:32","slug":"professor-teresopolitano-assume-24o-cadeira-na-academia-fluminense-de-letras-2","status":"publish","type":"post","link":"https:\/\/tvc16.com\/portal\/2023\/10\/03\/professor-teresopolitano-assume-24o-cadeira-na-academia-fluminense-de-letras-2\/","title":{"rendered":"Professor teresopolitano assume 24\u00ba cadeira na Academia Fluminense de Letras"},"content":{"rendered":"\n<p>No dia quatro de novembro o professor teresopolitano, Delmo Ferreira, vai assumir a 24\u00ba cadeira da Academia Fluminense de Letras (AFL). Ele vai suceder a Tarc\u00edsio Meirelles Padilha, ex-presidente da Academia Brasileira de Letras. A cerim\u00f4nia est\u00e1 marcada para ocorrer na sede da AFL, em Niter\u00f3i.<\/p>\n\n\n\n<p>A academia fluminense de letras foi fundada em 1917 e ap\u00f3s 106 anos ter\u00e1 enfim o primeiro representante de Teres\u00f3polis como membro da AFL. Al\u00e9m de escritor, Delmo \u00e9 jornalista e j\u00e1 atuou como secret\u00e1rio de cultura, turismo e desenvolvimento. Al\u00e9m disso, ele tamb\u00e9m \u00e9 membro da Academia Teresopolitana de Letras, da qual j\u00e1 foi presidente cinco vezes.<\/p>\n\n\n\n<p>Ele comenta sobre a responsabilidade de assumir uma cadeira na AFL. \u201c\u00c9 uma responsabilidade muito grande, pois se fossemos olhar tudo que Meirelles fez, ficar\u00edamos aqui escrevendo diversas p\u00e1ginas. Era considerado o maior fil\u00f3sofo vivo do pa\u00eds, fundador da Universidade Estadual do Rio de Janeiro (UERJ), al\u00e9m de presidente e membro da ABL. Ent\u00e3o \u00e9 com uma emo\u00e7\u00e3o extrema e com grande responsabilidade que assumo essa cadeira\u201d, afirma.<\/p>\n\n\n\n<p>Delmo Ferreira \u00e9 petropolitano, mas se mudou para Teres\u00f3polis h\u00e1 42 anos e seu primeiro livro foi publicado em 2001 e ao longo de 23 anos e de muitas p\u00e1ginas e cap\u00edtulos, mais de 10 livros j\u00e1 foram publicados, com diversas edi\u00e7\u00f5es, entre eles, \u201cPor um Dia de Carnaval e \u201cZ\u00e9 Pelintra, O Rei da Noite\u201d. Mas as publica\u00e7\u00f5es n\u00e3o param por a\u00ed, em novembro deste ano, o professor lan\u00e7ar\u00e1 mais dois livros. \u201cCada livro \u00e9 um filho e lan\u00e7arei \u201cCasos e Causos e Hist\u00f3rias de Terreiros, que s\u00e3o divertid\u00edssimas e as pessoas precisam ler coisas leves\u201d comenta. No dia 15 de novembro, Delmo tamb\u00e9m lan\u00e7ar\u00e1 \u201cA Grande Viagem\u201d, uma narrativa que retrata um homem que perde a fam\u00edlia e busca pelo mundo e pelas religi\u00f5es, sua pr\u00f3pria espiritualidade.<\/p>\n\n\n\n<p>Delmo \u00e9 professor de L\u00edngua Portuguesa, Literatura e de L\u00edngua Inglesa. Ademais, tamb\u00e9m \u00e9 membro da Academia Petropolitana de Educa\u00e7\u00e3o e da Academia Petropolitana de Letras, Academia de Letras e Artes de B\u00fazios e da Academia de Artes, Letras e Ci\u00eancias de Iguaba Grande.<\/p>\n\n\n\n<p>por Richard Stoltzenburg<\/p>\n","protected":false},"excerpt":{"rendered":"<p>No dia quatro de novembro o professor teresopolitano, Delmo Ferreira, vai assumir a 24\u00ba cadeira<\/p>\n","protected":false},"author":2,"featured_media":69351,"comment_status":"open","ping_status":"open","sticky":false,"template":"","format":"standard","meta":{"footnotes":""},"categories":[12],"tags":[],"class_list":["post-69391","post","type-post","status-publish","format-standard","has-post-thumbnail","hentry","category-cidade"],"_links":{"self":[{"href":"https:\/\/tvc16.com\/portal\/wp-json\/wp\/v2\/posts\/69391","targetHints":{"allow":["GET"]}}],"collection":[{"href":"https:\/\/tvc16.com\/portal\/wp-json\/wp\/v2\/posts"}],"about":[{"href":"https:\/\/tvc16.com\/portal\/wp-json\/wp\/v2\/types\/post"}],"author":[{"embeddable":true,"href":"https:\/\/tvc16.com\/portal\/wp-json\/wp\/v2\/users\/2"}],"replies":[{"embeddable":true,"href":"https:\/\/tvc16.com\/portal\/wp-json\/wp\/v2\/comments?post=69391"}],"version-history":[{"count":1,"href":"https:\/\/tvc16.com\/portal\/wp-json\/wp\/v2\/posts\/69391\/revisions"}],"predecessor-version":[{"id":69392,"href":"https:\/\/tvc16.com\/portal\/wp-json\/wp\/v2\/posts\/69391\/revisions\/69392"}],"wp:featuredmedia":[{"embeddable":true,"href":"https:\/\/tvc16.com\/portal\/wp-json\/wp\/v2\/media\/69351"}],"wp:attachment":[{"href":"https:\/\/tvc16.com\/portal\/wp-json\/wp\/v2\/media?parent=69391"}],"wp:term":[{"taxonomy":"category","embeddable":true,"href":"https:\/\/tvc16.com\/portal\/wp-json\/wp\/v2\/categories?post=69391"},{"taxonomy":"post_tag","embeddable":true,"href":"https:\/\/tvc16.com\/portal\/wp-json\/wp\/v2\/tags?post=69391"}],"curies":[{"name":"wp","href":"https:\/\/api.w.org\/{rel}","templated":true}]}}