{"id":6944,"date":"2020-11-28T13:27:55","date_gmt":"2020-11-28T16:27:55","guid":{"rendered":"https:\/\/tvc16.com\/portal\/?p=6944"},"modified":"2020-11-28T13:28:32","modified_gmt":"2020-11-28T16:28:32","slug":"brasileiros-elegem-saude-e-emprego-como-prioridades-para-o-governo-em-2021","status":"publish","type":"post","link":"https:\/\/tvc16.com\/portal\/2020\/11\/28\/brasileiros-elegem-saude-e-emprego-como-prioridades-para-o-governo-em-2021\/","title":{"rendered":"Brasileiros elegem Sa\u00fade e Emprego como prioridades para o Governo em 2021"},"content":{"rendered":"\n<p>Uma pesquisa da Associa\u00e7\u00e3o Nacional das Institui\u00e7\u00f5es de Cr\u00e9dito, Financiamento e Investimento (Acrefi) em parceria com a empresa Kantar leva a crer que o impasse na vida dos brasileiros entre a economia, paralisada em decorr\u00eancia da pandemia do novo coronav\u00edrus, e sa\u00fade, ainda devam se estender para 2021. Ao menos \u00e9 o que indica a pesquisa \u201cPerspectivas 2020: Expectativa dos Brasileiros com o Cen\u00e1rio Pol\u00edtico &amp; Social\u201d \u00e9 que essas tem\u00e1ticas s\u00e3o vistas como<a href=\"https:\/\/agenciabrasil.ebc.com.br\/geral\/noticia\/2020-11\/pesquisa-saude-e-emprego-sao-apontados-como-prioridades-de-brasileiro\"> maiores prioridades a serem atendidas pelo Governo Federal<\/a>.<\/p>\n\n\n\n<p>De acordo com o levantamento, pelo menos 66% dos entrevistados acreditam que o desemprego aumentar\u00e1 em 2021, principalmente devido \u00e0 pandemia da Covid-19. E por falar nela, 28% indicaram sa\u00fade como foco do pr\u00f3ximo ano. Segundo o doutorando em economia pela Universidade de Bras\u00edlia (UnB), Helder Lara Ferreira Filho, apenas com a implementa\u00e7\u00e3o da vacina ou com a prorroga\u00e7\u00e3o do Aux\u00edlio Emergencial, ser\u00e1 poss\u00edvel tra\u00e7ar um futuro positivo para os dois temas.&nbsp;<\/p>\n\n\n\n<p>\u201cA taxa de desemprego subiu um pouco, mas ela n\u00e3o foi t\u00e3o grande gra\u00e7as ao Aux\u00edlio Emergencial. Na perspectiva do emprego, no primeiro semestre, vai depender muito da quest\u00e3o da prorroga\u00e7\u00e3o ou n\u00e3o do benef\u00edcio. Se ele n\u00e3o for adiado, provavelmente a taxa de desemprego vai estar elevada logo no in\u00edcio do ano. Ao longo de 2021 pode cair, mas depende do n\u00edvel de acelera\u00e7\u00e3o do crescimento econ\u00f4mico, ou se a pandemia for controlada\u201d.<\/p>\n\n\n\n<p>Segundo os dados da pesquisa, 48% da popula\u00e7\u00e3o recebeu algum aux\u00edlio durante a pandemia. &nbsp;O encerramento do benef\u00edcio, na opini\u00e3o do consultor da \u00e1rea de Estudos T\u00e9cnicos do Conselho Nacional de Munic\u00edpios (CNM), Eduardo Stranz, preocupa os pr\u00f3ximos gestores municipais.<\/p>\n\n\n\n<p>\u201cO Aux\u00edlio Emergencial dado \u00e0s pessoas fez com que houvesse um dinamismo na economia e com o encerramento disso temos quase certeza que haver\u00e1, sobretudo nas cidades, uma grande preocupa\u00e7\u00e3o dos pr\u00f3ximos gestores sobre emprego e renda. Acreditamos que essa ser\u00e1 a prioridade de todo e qualquer prefeito ou prefeita eleita\u201d, aponta<\/p>\n\n\n\n<p>A pesquisa indica ainda que para mais da metade dos entrevistados (51%) a situa\u00e7\u00e3o do Pa\u00eds \u00e9 ruim ou p\u00e9ssima e o n\u00famero de atentos e preocupados ficou em 59%, o que indica que a minoria est\u00e1 tranquila com rela\u00e7\u00e3o \u00e0 sua fonte de renda.<\/p>\n\n\n\n<figure class=\"wp-block-image\"><img decoding=\"async\" src=\"\/\/s3-sa-east-1.amazonaws.com\/agencia-radio-arb\/3248\/content_WhatsApp_Image_2020-11-26_at_18.27.16.jpeg\" alt=\"\"\/><\/figure>\n\n\n\n<p>Fonte: <a href=\"https:\/\/brasil61.com\/noticias\/brasileiros-elegem-saude-e-emprego-como-prioridades-para-o-governo-em-2021-bras202801\" target=\"_blank\" rel=\"noreferrer noopener\">Brasil 61<\/a><\/p>\n","protected":false},"excerpt":{"rendered":"<p>Uma pesquisa da Associa\u00e7\u00e3o Nacional das Institui\u00e7\u00f5es de Cr\u00e9dito, Financiamento e Investimento (Acrefi) em parceria<\/p>\n","protected":false},"author":2,"featured_media":6945,"comment_status":"open","ping_status":"open","sticky":false,"template":"","format":"standard","meta":{"footnotes":""},"categories":[15],"tags":[],"class_list":["post-6944","post","type-post","status-publish","format-standard","has-post-thumbnail","hentry","category-politica"],"_links":{"self":[{"href":"https:\/\/tvc16.com\/portal\/wp-json\/wp\/v2\/posts\/6944","targetHints":{"allow":["GET"]}}],"collection":[{"href":"https:\/\/tvc16.com\/portal\/wp-json\/wp\/v2\/posts"}],"about":[{"href":"https:\/\/tvc16.com\/portal\/wp-json\/wp\/v2\/types\/post"}],"author":[{"embeddable":true,"href":"https:\/\/tvc16.com\/portal\/wp-json\/wp\/v2\/users\/2"}],"replies":[{"embeddable":true,"href":"https:\/\/tvc16.com\/portal\/wp-json\/wp\/v2\/comments?post=6944"}],"version-history":[{"count":2,"href":"https:\/\/tvc16.com\/portal\/wp-json\/wp\/v2\/posts\/6944\/revisions"}],"predecessor-version":[{"id":6947,"href":"https:\/\/tvc16.com\/portal\/wp-json\/wp\/v2\/posts\/6944\/revisions\/6947"}],"wp:featuredmedia":[{"embeddable":true,"href":"https:\/\/tvc16.com\/portal\/wp-json\/wp\/v2\/media\/6945"}],"wp:attachment":[{"href":"https:\/\/tvc16.com\/portal\/wp-json\/wp\/v2\/media?parent=6944"}],"wp:term":[{"taxonomy":"category","embeddable":true,"href":"https:\/\/tvc16.com\/portal\/wp-json\/wp\/v2\/categories?post=6944"},{"taxonomy":"post_tag","embeddable":true,"href":"https:\/\/tvc16.com\/portal\/wp-json\/wp\/v2\/tags?post=6944"}],"curies":[{"name":"wp","href":"https:\/\/api.w.org\/{rel}","templated":true}]}}