{"id":6963,"date":"2020-11-29T12:07:04","date_gmt":"2020-11-29T15:07:04","guid":{"rendered":"https:\/\/tvc16.com\/portal\/?p=6963"},"modified":"2020-11-29T12:07:06","modified_gmt":"2020-11-29T15:07:06","slug":"tse-anuncia-que-364-mil-eleitores-justificaram-ausencia-via-e-titulo","status":"publish","type":"post","link":"https:\/\/tvc16.com\/portal\/2020\/11\/29\/tse-anuncia-que-364-mil-eleitores-justificaram-ausencia-via-e-titulo\/","title":{"rendered":"TSE anuncia que 364 mil eleitores justificaram aus\u00eancia via e-T\u00edtulo"},"content":{"rendered":"\n<p>Aplicativo funciona \u201csem instabilidade\u201d, diz tribunal<\/p>\n\n\n\n<h4 class=\"wp-block-heading\">Por Felipe Pontes &#8211; Rep\u00f3rter da Ag\u00eancia Brasil &#8211; Bras\u00edlia<\/h4>\n\n\n\n<p>O Tribunal Superior Eleitoral (TSE) informou que, no per\u00edodo entre 7h e 10h de hoje (29), 364.414 eleitores justificaram aus\u00eancia \u00e0s urnas usando o aplicativo e-T\u00edtulo nas 57 cidades onde h\u00e1 segundo turno.<img decoding=\"async\" src=\"https:\/\/agenciabrasil.ebc.com.br\/ebc.png?id=1394866&amp;o=node\"><img decoding=\"async\" src=\"https:\/\/agenciabrasil.ebc.com.br\/ebc.gif?id=1394866&amp;o=node\"><\/p>\n\n\n\n<p>Segundo a Justi\u00e7a Eleitoral, o aplicativo tem funcionado \u201cadequadamente e sem instabilidade\u201d, diferentemente do primeiro turno, em 15 de novembro, quando o e-T\u00edtulo apresentou falhas, impedindo muitos eleitores de justificar aus\u00eancia atrav\u00e9s da ferramenta digital.<\/p>\n\n\n\n<p>Neste segundo turno, s\u00f3 consegue utilizar o e-T\u00edtulo quem baixou o aplicativo e se cadastrou at\u00e9 as 23h59 de s\u00e1bado (28). A medida foi tomada para evitar a mesma sobrecarga que provocou instabilidade no sistema da&nbsp;<a href=\"http:\/\/agenciabrasil.ebc.com.br\/justica\/noticia\/2020-11\/para-justificar-ausencia-no-domingo-eleitor-deve-baixar-e-titulo-hoje\" target=\"_blank\" rel=\"noreferrer noopener\">Justi\u00e7a Eleitoral<\/a>&nbsp;no primeiro turno.<\/p>\n\n\n\n<p>A justificativa pelo aplicativo no dia da elei\u00e7\u00e3o dispensa comprova\u00e7\u00e3o documental, pois o e-T\u00edtulo se vale do georreferenciamento presente nos celulares para certificar a aus\u00eancia do eleitor.<\/p>\n\n\n\n<p>Tamb\u00e9m \u00e9 poss\u00edvel justificar a aus\u00eancia pelo app [aplicativo] depois da vota\u00e7\u00e3o, num prazo de 60 dias, mas nesse caso a Justi\u00e7a Eleitoral pede que seja anexado algum tipo de comprova\u00e7\u00e3o, como uma passagem ou uma reserva de hotel, por exemplo.<\/p>\n\n\n\n<p>Al\u00e9m do aplicativo, a partir de amanh\u00e3 (30), pelo mesmo prazo de 60 dias, o eleitor pode tamb\u00e9m justificar sua aus\u00eancia presencialmente ou na internet, por meio do portal<a href=\"https:\/\/justifica.tse.jus.br\/\" target=\"_blank\" rel=\"noreferrer noopener\">&nbsp;Justifica<\/a>, do TSE.&nbsp;<\/p>\n\n\n\n<p>Cada turno de vota\u00e7\u00e3o \u00e9 contabilizado como uma elei\u00e7\u00e3o independente pelo TSE. Caso o eleitor n\u00e3o justifique por tr\u00eas elei\u00e7\u00f5es seguidas, pode ficar sujeito a san\u00e7\u00f5es, tendo o t\u00edtulo de eleitor cancelado e sendo impedido, por exemplo, de fazer empr\u00e9stimos em bancos p\u00fablicos ou emitir documento oficial, entre outras restri\u00e7\u00f5es.<\/p>\n\n\n\n<p>Edi\u00e7\u00e3o: Kleber Sampaio<\/p>\n","protected":false},"excerpt":{"rendered":"<p>Aplicativo funciona \u201csem instabilidade\u201d, diz tribunal Por Felipe Pontes &#8211; Rep\u00f3rter da Ag\u00eancia Brasil &#8211;<\/p>\n","protected":false},"author":2,"featured_media":6964,"comment_status":"open","ping_status":"open","sticky":false,"template":"","format":"standard","meta":{"footnotes":""},"categories":[15],"tags":[],"class_list":["post-6963","post","type-post","status-publish","format-standard","has-post-thumbnail","hentry","category-politica"],"_links":{"self":[{"href":"https:\/\/tvc16.com\/portal\/wp-json\/wp\/v2\/posts\/6963","targetHints":{"allow":["GET"]}}],"collection":[{"href":"https:\/\/tvc16.com\/portal\/wp-json\/wp\/v2\/posts"}],"about":[{"href":"https:\/\/tvc16.com\/portal\/wp-json\/wp\/v2\/types\/post"}],"author":[{"embeddable":true,"href":"https:\/\/tvc16.com\/portal\/wp-json\/wp\/v2\/users\/2"}],"replies":[{"embeddable":true,"href":"https:\/\/tvc16.com\/portal\/wp-json\/wp\/v2\/comments?post=6963"}],"version-history":[{"count":1,"href":"https:\/\/tvc16.com\/portal\/wp-json\/wp\/v2\/posts\/6963\/revisions"}],"predecessor-version":[{"id":6965,"href":"https:\/\/tvc16.com\/portal\/wp-json\/wp\/v2\/posts\/6963\/revisions\/6965"}],"wp:featuredmedia":[{"embeddable":true,"href":"https:\/\/tvc16.com\/portal\/wp-json\/wp\/v2\/media\/6964"}],"wp:attachment":[{"href":"https:\/\/tvc16.com\/portal\/wp-json\/wp\/v2\/media?parent=6963"}],"wp:term":[{"taxonomy":"category","embeddable":true,"href":"https:\/\/tvc16.com\/portal\/wp-json\/wp\/v2\/categories?post=6963"},{"taxonomy":"post_tag","embeddable":true,"href":"https:\/\/tvc16.com\/portal\/wp-json\/wp\/v2\/tags?post=6963"}],"curies":[{"name":"wp","href":"https:\/\/api.w.org\/{rel}","templated":true}]}}