{"id":6972,"date":"2020-11-29T21:39:36","date_gmt":"2020-11-30T00:39:36","guid":{"rendered":"https:\/\/tvc16.com\/portal\/?p=6972"},"modified":"2020-11-29T21:41:06","modified_gmt":"2020-11-30T00:41:06","slug":"eleicoes-2020-rubens-bomtempo-teve-mais-votos-neste-segundo-turno-mas-ainda-nao-e-prefeito-eleito","status":"publish","type":"post","link":"https:\/\/tvc16.com\/portal\/2020\/11\/29\/eleicoes-2020-rubens-bomtempo-teve-mais-votos-neste-segundo-turno-mas-ainda-nao-e-prefeito-eleito\/","title":{"rendered":"Elei\u00e7\u00f5es 2020: Rubens Bomtempo teve mais votos neste segundo turno, mas ainda n\u00e3o \u00e9 prefeito eleito"},"content":{"rendered":"\n<p>Como apontava a pesquisa veiculada na \u00faltima semana, (no TSE com o n\u00famero RJ-06158\/2020).<br>Rubens Bomtempo, PSB, de Petr\u00f3polis, na Regi\u00e3o Serrana do Rio, teve a maioria dos votos, mas ainda n\u00e3o \u00e9 prefeito eleito.<\/p>\n\n\n\n<p>Depois de uma disputa acirrada entre os candidatos Rubens Bomtempo, PSB, e Bernardo Rossi, PL, no segundo turno das elei\u00e7\u00f5es 2020, os petropolitanos tem o resultado do segundo turno: Rubens Bomtempo com 55,18%, o que representa 64.907 dos votos v\u00e1lidos. Bernardo Rossi teve neste turno 44,82%, o que representa em n\u00fameros 52.727.<\/p>\n\n\n\n<p>No primeiro turno Rubens Bomtempo teve 27,37% dos votos v\u00e1lidos, o que representa em n\u00fameros 39.037 votos.<br>No segundo turno, Bomtempo recebeu apoio, aberto de v\u00e1rios candidatos a prefeito como Alexandre Gurgel, Ramon Mello, L\u00edvia Miranda entre outros candidatos, a casa legislativa, como Bernardo Sabr\u00e1 e Bruno Gon\u00e7alves.<br>Vale lembrar que Bomtempo concorreu sub judice, portanto o resultado no site do TSE \u00e9 n\u00e3o eleito sub judice<\/p>\n\n\n\n<p>Vale lembrar que:<\/p>\n\n\n\n<p>O ex-prefeito e candidato pelo PSB, Rubens Bomtempo, teve seus direitos pol\u00edticos suspensos em raz\u00e3o da pr\u00e1tica de ato de improbidade administrativa. A decis\u00e3o foi proferida pelo TRE-RJ, e transitou em julgado em 2019.<\/p>\n\n\n\n<p>Bomtempo recorreu ao Tribunal Superior Eleitoral (TSE) e caso seja deferido, seu recurso, ele assume em primeiro de janeiro de 2021. Se, at\u00e9 esta data n\u00e3o sair o deferimento do recurso, o prefeito eleito n\u00e3o assume e a prefeitura fica a cargo do presidente da C\u00e2mara Municipal de Petr\u00f3polis. Se for indeferido, haver\u00e1 nova elei\u00e7\u00e3o no munic\u00edpio.<\/p>\n\n\n\n<figure class=\"wp-block-image size-large\"><img loading=\"lazy\" decoding=\"async\" width=\"473\" height=\"1024\" src=\"https:\/\/tvc16.com\/portal\/wp-content\/uploads\/2020\/11\/Screenshot_20201129-174904_Resultados-473x1024.jpg\" alt=\"\" class=\"wp-image-6975\" srcset=\"https:\/\/tvc16.com\/portal\/wp-content\/uploads\/2020\/11\/Screenshot_20201129-174904_Resultados-473x1024.jpg 473w, https:\/\/tvc16.com\/portal\/wp-content\/uploads\/2020\/11\/Screenshot_20201129-174904_Resultados-138x300.jpg 138w, https:\/\/tvc16.com\/portal\/wp-content\/uploads\/2020\/11\/Screenshot_20201129-174904_Resultados-768x1664.jpg 768w, https:\/\/tvc16.com\/portal\/wp-content\/uploads\/2020\/11\/Screenshot_20201129-174904_Resultados-709x1536.jpg 709w, https:\/\/tvc16.com\/portal\/wp-content\/uploads\/2020\/11\/Screenshot_20201129-174904_Resultados-945x2048.jpg 945w, https:\/\/tvc16.com\/portal\/wp-content\/uploads\/2020\/11\/Screenshot_20201129-174904_Resultados.jpg 1080w\" sizes=\"auto, (max-width: 473px) 100vw, 473px\" \/><\/figure>\n\n\n\n<p><\/p>\n","protected":false},"excerpt":{"rendered":"<p>Como apontava a pesquisa veiculada na \u00faltima semana, (no TSE com o n\u00famero RJ-06158\/2020).Rubens Bomtempo,<\/p>\n","protected":false},"author":2,"featured_media":6973,"comment_status":"open","ping_status":"open","sticky":false,"template":"","format":"standard","meta":{"footnotes":""},"categories":[12],"tags":[],"class_list":["post-6972","post","type-post","status-publish","format-standard","has-post-thumbnail","hentry","category-cidade"],"_links":{"self":[{"href":"https:\/\/tvc16.com\/portal\/wp-json\/wp\/v2\/posts\/6972","targetHints":{"allow":["GET"]}}],"collection":[{"href":"https:\/\/tvc16.com\/portal\/wp-json\/wp\/v2\/posts"}],"about":[{"href":"https:\/\/tvc16.com\/portal\/wp-json\/wp\/v2\/types\/post"}],"author":[{"embeddable":true,"href":"https:\/\/tvc16.com\/portal\/wp-json\/wp\/v2\/users\/2"}],"replies":[{"embeddable":true,"href":"https:\/\/tvc16.com\/portal\/wp-json\/wp\/v2\/comments?post=6972"}],"version-history":[{"count":2,"href":"https:\/\/tvc16.com\/portal\/wp-json\/wp\/v2\/posts\/6972\/revisions"}],"predecessor-version":[{"id":6976,"href":"https:\/\/tvc16.com\/portal\/wp-json\/wp\/v2\/posts\/6972\/revisions\/6976"}],"wp:featuredmedia":[{"embeddable":true,"href":"https:\/\/tvc16.com\/portal\/wp-json\/wp\/v2\/media\/6973"}],"wp:attachment":[{"href":"https:\/\/tvc16.com\/portal\/wp-json\/wp\/v2\/media?parent=6972"}],"wp:term":[{"taxonomy":"category","embeddable":true,"href":"https:\/\/tvc16.com\/portal\/wp-json\/wp\/v2\/categories?post=6972"},{"taxonomy":"post_tag","embeddable":true,"href":"https:\/\/tvc16.com\/portal\/wp-json\/wp\/v2\/tags?post=6972"}],"curies":[{"name":"wp","href":"https:\/\/api.w.org\/{rel}","templated":true}]}}