{"id":698,"date":"2020-09-18T13:05:37","date_gmt":"2020-09-18T13:05:37","guid":{"rendered":"https:\/\/tvc16.com\/portal\/?p=698"},"modified":"2020-09-18T13:18:26","modified_gmt":"2020-09-18T13:18:26","slug":"campanha-de-vacinacao-antirrabica-comeca-nesta-sexta-feira-em-petropolis","status":"publish","type":"post","link":"https:\/\/tvc16.com\/portal\/2020\/09\/18\/campanha-de-vacinacao-antirrabica-comeca-nesta-sexta-feira-em-petropolis\/","title":{"rendered":"Campanha de vacina\u00e7\u00e3o antirr\u00e1bica come\u00e7a nesta sexta-feira em Petr\u00f3polis"},"content":{"rendered":"\n<p>A prefeitura de Petr\u00f3polis informou o calend\u00e1rio da vacina\u00e7\u00e3o antirr\u00e1bica do m\u00eas de setembro come\u00e7a hoje (18). Vale lembrar que devido \u00e0 pandemia do novo coronav\u00edrus, as equipes da Vigil\u00e2ncia Ambiental n\u00e3o ser\u00e3o liberadas para realizar a vacina\u00e7\u00e3o em resid\u00eancias. A prefeitura disse ainda, que tutores que t\u00eam mais de 10 animais e apresentem dificuldade de transport\u00e1-los aos pontos de imuniza\u00e7\u00e3o devem entrar em contato com o telefone (24) 2231-0841 para avalia\u00e7\u00e3o.<\/p>\n\n\n\n<p>A Vigil\u00e2ncia Ambiental orienta a todos para que os animais sejam levados em coleiras, guias ou caixas de transportes (para gatos) e informa que os animais n\u00e3o devem ser conduzidos por crian\u00e7as desacompanhadas dos pais ou respons\u00e1veis. Acompanhe as datas e locais:<\/p>\n\n\n\n<p>Dia 18\/09 \u2013 a\u00e7\u00f5es no Coreto do Vale das Videiras (10h \u00e0s 15h) e a\u00e7\u00e3o volante do Vale do Prata (10h \u00e0s 12h).<br>Dia 21\/09 \u2013 a\u00e7\u00f5es no ponto final do Vale das Videiras (10h \u00e0s 12h) e a\u00e7\u00e3o volante na Rota I tamb\u00e9m no Vale das Videiras (10h \u00e0s 14h30).<br>Dia 22\/09 \u2013 a\u00e7\u00f5es na Rota II do Vale das Videiras (10h \u00e0s 14h30)<br>Dia 26\/09 \u2013 a\u00e7\u00f5es concentradas em diversos pontos:<\/p>\n\n\n\n<p>&#8211; Posto de Sa\u00fade da Posse (09h \u00e0s 17h)<br>&#8211; Escola Municipal Jo\u00e3o de Deus, em Pedro do Rio (09h \u00e0s 17h)<br>&#8211; Alto do Pegado, em Pedro do Rio (13h30 \u00e0s 14h30)<br>&#8211; Retiro das Pedras, em Pedro do Rio (14h45 \u00e0s 16h30)<br>&#8211; Associa\u00e7\u00e3o de Moradores do Vila Rica (09h \u00e0s 17h)<br>&#8211; Escola Municipal Celina Scherchner, no Santa M\u00f4nica (09h \u00e0s 17h)<br>&#8211; Unidade B\u00e1sica de Sa\u00fade de Itaipava (09h \u00e0s 17h)<br>&#8211; Associa\u00e7\u00e3o de Moradores do Malta, em Araras (09h \u00e0s 17h)<br>&#8211; Associa\u00e7\u00e3o de Moradores do Vista Alegre, em Araras (09h \u00e0s 12h)<br>&#8211; Associa\u00e7\u00e3o de Moradores do Santa Luzia, em Araras (13h30 \u00e0s 17h)<br>&#8211; Escola Municipal Anglicano, em Araras (09h \u00e0s 17h)<br>&#8211; Po\u00e7o dos Peixes, em Araras (13h30 \u00e0s 16h30)<br>&#8211; Posto de Sa\u00fade da Fam\u00edlia do Bairro Castrioto (09h \u00e0s 17h)<br>&#8211; Garagem do Paulinho, no Dias de Oliveira, Bingen (09h \u00e0s 17h)<br>&#8211; Posto de Sa\u00fade da Fam\u00edlia S\u00e3o Jo\u00e3o Batista, no Duarte da Silveira, Bingen (09h \u00e0s 17h)<\/p>\n\n\n\n<p>Foto: divulga\u00e7\u00e3o<\/p>\n","protected":false},"excerpt":{"rendered":"<p>A prefeitura de Petr\u00f3polis informou o calend\u00e1rio da vacina\u00e7\u00e3o antirr\u00e1bica do m\u00eas de setembro come\u00e7a<\/p>\n","protected":false},"author":2,"featured_media":704,"comment_status":"open","ping_status":"open","sticky":false,"template":"","format":"standard","meta":{"footnotes":""},"categories":[12],"tags":[],"class_list":["post-698","post","type-post","status-publish","format-standard","has-post-thumbnail","hentry","category-cidade"],"_links":{"self":[{"href":"https:\/\/tvc16.com\/portal\/wp-json\/wp\/v2\/posts\/698","targetHints":{"allow":["GET"]}}],"collection":[{"href":"https:\/\/tvc16.com\/portal\/wp-json\/wp\/v2\/posts"}],"about":[{"href":"https:\/\/tvc16.com\/portal\/wp-json\/wp\/v2\/types\/post"}],"author":[{"embeddable":true,"href":"https:\/\/tvc16.com\/portal\/wp-json\/wp\/v2\/users\/2"}],"replies":[{"embeddable":true,"href":"https:\/\/tvc16.com\/portal\/wp-json\/wp\/v2\/comments?post=698"}],"version-history":[{"count":1,"href":"https:\/\/tvc16.com\/portal\/wp-json\/wp\/v2\/posts\/698\/revisions"}],"predecessor-version":[{"id":700,"href":"https:\/\/tvc16.com\/portal\/wp-json\/wp\/v2\/posts\/698\/revisions\/700"}],"wp:featuredmedia":[{"embeddable":true,"href":"https:\/\/tvc16.com\/portal\/wp-json\/wp\/v2\/media\/704"}],"wp:attachment":[{"href":"https:\/\/tvc16.com\/portal\/wp-json\/wp\/v2\/media?parent=698"}],"wp:term":[{"taxonomy":"category","embeddable":true,"href":"https:\/\/tvc16.com\/portal\/wp-json\/wp\/v2\/categories?post=698"},{"taxonomy":"post_tag","embeddable":true,"href":"https:\/\/tvc16.com\/portal\/wp-json\/wp\/v2\/tags?post=698"}],"curies":[{"name":"wp","href":"https:\/\/api.w.org\/{rel}","templated":true}]}}