{"id":6980,"date":"2020-11-29T23:10:13","date_gmt":"2020-11-30T02:10:13","guid":{"rendered":"https:\/\/tvc16.com\/portal\/?p=6980"},"modified":"2020-11-29T23:10:15","modified_gmt":"2020-11-30T02:10:15","slug":"numero-de-abstencao-em-petropolis-cresce-ministro-luis-roberto-barroso-fala-sobre-o-aumento-em-todo-pais","status":"publish","type":"post","link":"https:\/\/tvc16.com\/portal\/2020\/11\/29\/numero-de-abstencao-em-petropolis-cresce-ministro-luis-roberto-barroso-fala-sobre-o-aumento-em-todo-pais\/","title":{"rendered":"N\u00famero de absten\u00e7\u00e3o em Petr\u00f3polis cresce. Ministro Lu\u00eds Roberto Barroso fala sobre o aumento em todo pa\u00eds"},"content":{"rendered":"\n<p>Segundo informa\u00e7\u00e3o Tribunal Superior Eleitoral (TSE)\u00a0 85.621 de eleitores n\u00e3o compareceram \u00e0s urnas, em Petr\u00f3polis, o que representa 35,65%, de um total de 240.152 aptos a votar.<\/p>\n\n\n\n<p>Dos eleitores que compareceram \u00e0s se\u00e7\u00f5es, 9.058 (5,86%) votaram em branco e 27.839 (18,02%) anularam o voto. Somados as absten\u00e7\u00f5es, o volume totaliza 122.518, o que corresponde a 51% de eleitores que n\u00e3o escolheram nenhum dos candidatos ou se abstiveram.<\/p>\n\n\n\n<p>No primeiro turno, o n\u00famero de eleitores que n\u00e3o compareceram \u00e0s urnas em Petr\u00f3polis foi de 71.999.<\/p>\n\n\n\n<p>Absten\u00e7\u00e3o cresce em todo pa\u00eds <\/p>\n\n\n\n<p>O presidente do Tribunal Superior Eleitoral (TSE), ministro Lu\u00eds Roberto Barroso, disse hoje (29) que a absten\u00e7\u00e3o dos eleitores no segundo turno das elei\u00e7\u00f5es municipais foi maior que o desej\u00e1vel pela Justi\u00e7a Eleitoral. Durante a apresenta\u00e7\u00e3o do balan\u00e7o das elei\u00e7\u00f5es, Barroso afirmou que a pandemia da covid-19 fez com que parte do eleitorado deixasse de comparecer \u00e0s urnas por medo de contamina\u00e7\u00e3o pelo novo coronav\u00edrus.<\/p>\n\n\n\n<p>Com 100% das se\u00e7\u00f5es eleitorais apuradas, a absten\u00e7\u00e3o dos eleitores foi de 29,50%, equivalente a 11,1 milh\u00f5es de pessoas. Nas elei\u00e7\u00f5es de 2018, 2016 e 2014, o \u00edndice de eleitores faltosos ficou em torno de 21%.<\/p>\n\n\n\n<p>Na avalia\u00e7\u00e3o do presidente, embora a absten\u00e7\u00e3o tenha sido maior que o desejado, a realiza\u00e7\u00e3o das elei\u00e7\u00f5es em meio \u00e0 pandemia, com a participa\u00e7\u00e3o de 70,50% dos eleitores, merece ser celebrada.<\/p>\n\n\n\n<p>\u201c\u00c9 um n\u00famero maior do que n\u00f3s desejar\u00edamos, mas \u00e9 preciso ter em conta que n\u00f3s realizamos elei\u00e7\u00f5es em meio \u00e0 uma pandemia, que j\u00e1 consumiu 170 mil vidas, e que muitas pessoas, com o compreens\u00edvel temor de comparecem \u00e0s urnas, deixaram de votar. Muitas por estarem com a doen\u00e7a, muitos por estarem com sintomas e muitas por estarem com medo\u201d, afirmou.&nbsp;<\/p>\n\n\n\n<p>De acordo com o balan\u00e7o final das elei\u00e7\u00f5es, houve 3,89% (1 milh\u00e3o) de votos brancos e 8.81% (2,3 milh\u00f5es) de votos nulos.<\/p>\n\n\n\n<p><strong>Ataque&nbsp;<\/strong><em><strong>hacker<\/strong><\/em><\/p>\n\n\n\n<p>Durante a coletiva de imprensa, o presidente do TSE tamb\u00e9m afirmou que n\u00e3o foram registrados ataques bem sucedidos de&nbsp;<em>hackers<\/em>&nbsp;aos sistemas do TSE no segundo turno. Barroso tamb\u00e9m elogiou o trabalho da Pol\u00edcia Federal (PF), que prendeu ontem (28) um suspeito de envolvimento no ataque ao sistema do tribunal durante o primeiro turno.<br>&#8220;H\u00e1 os que fazem esses ataques para procurar atacar a democracia e o sistema eleitoral, e procurarem tornar as institui\u00e7\u00f5es vulner\u00e1veis. Todos eles s\u00e3o criminosos, merecem o rep\u00fadio das pessoas de bem e merecem a a\u00e7\u00e3o da Justi\u00e7a&#8221;, disse.<\/p>\n","protected":false},"excerpt":{"rendered":"<p>Segundo informa\u00e7\u00e3o Tribunal Superior Eleitoral (TSE)\u00a0 85.621 de eleitores n\u00e3o compareceram \u00e0s urnas, em Petr\u00f3polis,<\/p>\n","protected":false},"author":2,"featured_media":6981,"comment_status":"open","ping_status":"open","sticky":false,"template":"","format":"standard","meta":{"footnotes":""},"categories":[12],"tags":[],"class_list":["post-6980","post","type-post","status-publish","format-standard","has-post-thumbnail","hentry","category-cidade"],"_links":{"self":[{"href":"https:\/\/tvc16.com\/portal\/wp-json\/wp\/v2\/posts\/6980","targetHints":{"allow":["GET"]}}],"collection":[{"href":"https:\/\/tvc16.com\/portal\/wp-json\/wp\/v2\/posts"}],"about":[{"href":"https:\/\/tvc16.com\/portal\/wp-json\/wp\/v2\/types\/post"}],"author":[{"embeddable":true,"href":"https:\/\/tvc16.com\/portal\/wp-json\/wp\/v2\/users\/2"}],"replies":[{"embeddable":true,"href":"https:\/\/tvc16.com\/portal\/wp-json\/wp\/v2\/comments?post=6980"}],"version-history":[{"count":1,"href":"https:\/\/tvc16.com\/portal\/wp-json\/wp\/v2\/posts\/6980\/revisions"}],"predecessor-version":[{"id":6982,"href":"https:\/\/tvc16.com\/portal\/wp-json\/wp\/v2\/posts\/6980\/revisions\/6982"}],"wp:featuredmedia":[{"embeddable":true,"href":"https:\/\/tvc16.com\/portal\/wp-json\/wp\/v2\/media\/6981"}],"wp:attachment":[{"href":"https:\/\/tvc16.com\/portal\/wp-json\/wp\/v2\/media?parent=6980"}],"wp:term":[{"taxonomy":"category","embeddable":true,"href":"https:\/\/tvc16.com\/portal\/wp-json\/wp\/v2\/categories?post=6980"},{"taxonomy":"post_tag","embeddable":true,"href":"https:\/\/tvc16.com\/portal\/wp-json\/wp\/v2\/tags?post=6980"}],"curies":[{"name":"wp","href":"https:\/\/api.w.org\/{rel}","templated":true}]}}