{"id":6987,"date":"2020-11-30T17:06:06","date_gmt":"2020-11-30T20:06:06","guid":{"rendered":"https:\/\/tvc16.com\/portal\/?p=6987"},"modified":"2020-11-30T17:06:10","modified_gmt":"2020-11-30T20:06:10","slug":"traficantes-sao-presos-pela-pm-no-alto-da-serra","status":"publish","type":"post","link":"https:\/\/tvc16.com\/portal\/2020\/11\/30\/traficantes-sao-presos-pela-pm-no-alto-da-serra\/","title":{"rendered":"Traficantes s\u00e3o presos pela PM no Alto da Serra"},"content":{"rendered":"\n<p>A Pol\u00edcia Militar prendeu na madrugada desta segunda-feira (30) dois homens de 18 e 21 anos, naturais da cidade do Rio de Janeiro, que vendiam drogas na Rua Osvero do Carmo Vila\u00e7a, no Alto da Serra. Com eles foram apreendidos 32 pinos de coca\u00edna (61g) e R$ 170 em dinheiro. Ambos foram levados para a 105\u00aa Delegacia de Pol\u00edcia, no Retiro, onde foram autuados por tr\u00e1fico de drogas e associa\u00e7\u00e3o pelo mesmo crime. Vale ressaltar que a dupla j\u00e1 tinha diversas anota\u00e7\u00f5es criminais.<\/p>\n","protected":false},"excerpt":{"rendered":"<p>A Pol\u00edcia Militar prendeu na madrugada desta segunda-feira (30) dois homens de 18 e 21<\/p>\n","protected":false},"author":2,"featured_media":6988,"comment_status":"open","ping_status":"open","sticky":false,"template":"","format":"standard","meta":{"footnotes":""},"categories":[12],"tags":[],"class_list":["post-6987","post","type-post","status-publish","format-standard","has-post-thumbnail","hentry","category-cidade"],"_links":{"self":[{"href":"https:\/\/tvc16.com\/portal\/wp-json\/wp\/v2\/posts\/6987","targetHints":{"allow":["GET"]}}],"collection":[{"href":"https:\/\/tvc16.com\/portal\/wp-json\/wp\/v2\/posts"}],"about":[{"href":"https:\/\/tvc16.com\/portal\/wp-json\/wp\/v2\/types\/post"}],"author":[{"embeddable":true,"href":"https:\/\/tvc16.com\/portal\/wp-json\/wp\/v2\/users\/2"}],"replies":[{"embeddable":true,"href":"https:\/\/tvc16.com\/portal\/wp-json\/wp\/v2\/comments?post=6987"}],"version-history":[{"count":1,"href":"https:\/\/tvc16.com\/portal\/wp-json\/wp\/v2\/posts\/6987\/revisions"}],"predecessor-version":[{"id":6989,"href":"https:\/\/tvc16.com\/portal\/wp-json\/wp\/v2\/posts\/6987\/revisions\/6989"}],"wp:featuredmedia":[{"embeddable":true,"href":"https:\/\/tvc16.com\/portal\/wp-json\/wp\/v2\/media\/6988"}],"wp:attachment":[{"href":"https:\/\/tvc16.com\/portal\/wp-json\/wp\/v2\/media?parent=6987"}],"wp:term":[{"taxonomy":"category","embeddable":true,"href":"https:\/\/tvc16.com\/portal\/wp-json\/wp\/v2\/categories?post=6987"},{"taxonomy":"post_tag","embeddable":true,"href":"https:\/\/tvc16.com\/portal\/wp-json\/wp\/v2\/tags?post=6987"}],"curies":[{"name":"wp","href":"https:\/\/api.w.org\/{rel}","templated":true}]}}