{"id":7002,"date":"2020-11-30T17:17:50","date_gmt":"2020-11-30T20:17:50","guid":{"rendered":"https:\/\/tvc16.com\/portal\/?p=7002"},"modified":"2020-11-30T17:17:52","modified_gmt":"2020-11-30T20:17:52","slug":"corpo-de-sergio-mendes-e-enterrado","status":"publish","type":"post","link":"https:\/\/tvc16.com\/portal\/2020\/11\/30\/corpo-de-sergio-mendes-e-enterrado\/","title":{"rendered":"Corpo de S\u00e9rgio Mendes \u00e9 enterrado"},"content":{"rendered":"\n<p>Foi enterrado na tarde desta segunda-feira (30) o corpo de S\u00e9rgio Mendes, de 60 anos, que morreu ap\u00f3s ser atropelado por um \u00f4nibus, no domingo (29), na Rua 24 de Maio. O sepultamento ocorreu \u00e0s 15h, no Cemit\u00e9rio Municipal. Ele era conhecido por integrar diversos blocos carnavalescos na cidade.<\/p>\n\n\n\n<p>Segundo o motorista do \u00f4nibus e testemunhas, o acidente ocorreu quando o motorista precisou dar marcha \u00e0 r\u00e9 no \u00f4nibus, pr\u00f3ximo ao ponto final, devido ao estacionamento irregular, neste momento S\u00e9rgio escorregou, caiu atr\u00e1s do coletivo, e acabou sendo atropelado. Equipes do Corpo de Bombeiros foram acionadas para prestar socorro, mas ele n\u00e3o resistiu aos ferimentos e morreu no local.<\/p>\n\n\n\n<p>A Petro Ita informou, por meio de nota, que lamenta profundamente o ocorrido e est\u00e1 cooperando com a per\u00edcia. A empresa disse ainda que se solidariza com os familiares e amigos.<\/p>\n","protected":false},"excerpt":{"rendered":"<p>Foi enterrado na tarde desta segunda-feira (30) o corpo de S\u00e9rgio Mendes, de 60 anos,<\/p>\n","protected":false},"author":2,"featured_media":7003,"comment_status":"open","ping_status":"open","sticky":false,"template":"","format":"standard","meta":{"footnotes":""},"categories":[12],"tags":[],"class_list":["post-7002","post","type-post","status-publish","format-standard","has-post-thumbnail","hentry","category-cidade"],"_links":{"self":[{"href":"https:\/\/tvc16.com\/portal\/wp-json\/wp\/v2\/posts\/7002","targetHints":{"allow":["GET"]}}],"collection":[{"href":"https:\/\/tvc16.com\/portal\/wp-json\/wp\/v2\/posts"}],"about":[{"href":"https:\/\/tvc16.com\/portal\/wp-json\/wp\/v2\/types\/post"}],"author":[{"embeddable":true,"href":"https:\/\/tvc16.com\/portal\/wp-json\/wp\/v2\/users\/2"}],"replies":[{"embeddable":true,"href":"https:\/\/tvc16.com\/portal\/wp-json\/wp\/v2\/comments?post=7002"}],"version-history":[{"count":1,"href":"https:\/\/tvc16.com\/portal\/wp-json\/wp\/v2\/posts\/7002\/revisions"}],"predecessor-version":[{"id":7004,"href":"https:\/\/tvc16.com\/portal\/wp-json\/wp\/v2\/posts\/7002\/revisions\/7004"}],"wp:featuredmedia":[{"embeddable":true,"href":"https:\/\/tvc16.com\/portal\/wp-json\/wp\/v2\/media\/7003"}],"wp:attachment":[{"href":"https:\/\/tvc16.com\/portal\/wp-json\/wp\/v2\/media?parent=7002"}],"wp:term":[{"taxonomy":"category","embeddable":true,"href":"https:\/\/tvc16.com\/portal\/wp-json\/wp\/v2\/categories?post=7002"},{"taxonomy":"post_tag","embeddable":true,"href":"https:\/\/tvc16.com\/portal\/wp-json\/wp\/v2\/tags?post=7002"}],"curies":[{"name":"wp","href":"https:\/\/api.w.org\/{rel}","templated":true}]}}