{"id":701,"date":"2020-09-18T13:08:02","date_gmt":"2020-09-18T13:08:02","guid":{"rendered":"https:\/\/tvc16.com\/portal\/?p=701"},"modified":"2020-09-18T13:08:02","modified_gmt":"2020-09-18T13:08:02","slug":"incendio-florestal-no-vale-do-carangola-continua","status":"publish","type":"post","link":"https:\/\/tvc16.com\/portal\/2020\/09\/18\/incendio-florestal-no-vale-do-carangola-continua\/","title":{"rendered":"Inc\u00eandio florestal no Vale do Carangola continua"},"content":{"rendered":"\n<p>Na manh\u00e3 de hoje (18) o Corpo de Bombeiros e agentes do INEA, IBAMA, Instituto Chico Mendes de Conserva\u00e7\u00e3o da Biodiversidade (ICMBio), Guarda Civil Municipal e Defesa Civil retomaram o combate a um grande inc\u00eandio florestal no Vale do Carangola. A queimada teve in\u00edcio na manh\u00e3 de quinta-feira (17). <\/p>\n\n\n\n<p>Pelo menos 40 profissionais est\u00e3o envolvidos na a\u00e7\u00e3o. O fogo se alastrou rapidamente devido ao tempo seco e ventos fortes \u2013 caracter\u00edsticos desta \u00e9poca do ano. Ainda n\u00e3o h\u00e1 informa\u00e7\u00f5es sobre o que provocou o inc\u00eandio florestal, nem sobre a \u00e1rea afetada at\u00e9 o momento.<\/p>\n","protected":false},"excerpt":{"rendered":"<p>Na manh\u00e3 de hoje (18) o Corpo de Bombeiros e agentes do INEA, IBAMA, Instituto<\/p>\n","protected":false},"author":2,"featured_media":702,"comment_status":"open","ping_status":"open","sticky":false,"template":"","format":"standard","meta":{"footnotes":""},"categories":[12],"tags":[],"class_list":["post-701","post","type-post","status-publish","format-standard","has-post-thumbnail","hentry","category-cidade"],"_links":{"self":[{"href":"https:\/\/tvc16.com\/portal\/wp-json\/wp\/v2\/posts\/701","targetHints":{"allow":["GET"]}}],"collection":[{"href":"https:\/\/tvc16.com\/portal\/wp-json\/wp\/v2\/posts"}],"about":[{"href":"https:\/\/tvc16.com\/portal\/wp-json\/wp\/v2\/types\/post"}],"author":[{"embeddable":true,"href":"https:\/\/tvc16.com\/portal\/wp-json\/wp\/v2\/users\/2"}],"replies":[{"embeddable":true,"href":"https:\/\/tvc16.com\/portal\/wp-json\/wp\/v2\/comments?post=701"}],"version-history":[{"count":1,"href":"https:\/\/tvc16.com\/portal\/wp-json\/wp\/v2\/posts\/701\/revisions"}],"predecessor-version":[{"id":703,"href":"https:\/\/tvc16.com\/portal\/wp-json\/wp\/v2\/posts\/701\/revisions\/703"}],"wp:featuredmedia":[{"embeddable":true,"href":"https:\/\/tvc16.com\/portal\/wp-json\/wp\/v2\/media\/702"}],"wp:attachment":[{"href":"https:\/\/tvc16.com\/portal\/wp-json\/wp\/v2\/media?parent=701"}],"wp:term":[{"taxonomy":"category","embeddable":true,"href":"https:\/\/tvc16.com\/portal\/wp-json\/wp\/v2\/categories?post=701"},{"taxonomy":"post_tag","embeddable":true,"href":"https:\/\/tvc16.com\/portal\/wp-json\/wp\/v2\/tags?post=701"}],"curies":[{"name":"wp","href":"https:\/\/api.w.org\/{rel}","templated":true}]}}