{"id":7014,"date":"2020-11-30T17:27:41","date_gmt":"2020-11-30T20:27:41","guid":{"rendered":"https:\/\/tvc16.com\/portal\/?p=7014"},"modified":"2020-11-30T17:27:44","modified_gmt":"2020-11-30T20:27:44","slug":"candidaturas-de-nove-prefeitos-eleitos-no-rio-estao-sub-judice","status":"publish","type":"post","link":"https:\/\/tvc16.com\/portal\/2020\/11\/30\/candidaturas-de-nove-prefeitos-eleitos-no-rio-estao-sub-judice\/","title":{"rendered":"Candidaturas de nove prefeitos eleitos no Rio est\u00e3o sub judice"},"content":{"rendered":"\n<h3 class=\"wp-block-heading\">Candidatos aguardam decis\u00e3o da Justi\u00e7a Eleitoral<\/h3>\n\n\n\n<p>O estado do Rio&nbsp;de Janeiro&nbsp;tem nove candidatos a prefeitos que venceram no primeiro e no segundo turnos das elei\u00e7\u00f5es, mas ainda n\u00e3o foram declarados eleitos porque suas candidaturas est\u00e3o&nbsp;<em>sub judice<\/em>, aguardando decis\u00e3o na Justi\u00e7a Eleitoral. Esses munic\u00edpios&nbsp;ter\u00e3o que esperar decis\u00e3o do Tribunal Superior Eleitoral (TSE) para conhecer os&nbsp;novos prefeitos.<img decoding=\"async\" src=\"https:\/\/agenciabrasil.ebc.com.br\/ebc.png?id=1395061&amp;o=node\"><img decoding=\"async\" src=\"https:\/\/agenciabrasil.ebc.com.br\/ebc.gif?id=1395061&amp;o=node\"><\/p>\n\n\n\n<p>O candidato&nbsp;<a href=\"https:\/\/agenciabrasil.ebc.com.br\/eleicoes-2020\/noticia\/2020-11\/wladimir-garotinho-vence-eleicao-em-campos-dos-goytacazes\" target=\"_blank\" rel=\"noreferrer noopener\">Wladimir Garotinho<\/a>&nbsp;(PSD) foi o mais votado no segundo turno das elei\u00e7\u00f5es em Campos dos Goytacazes, no norte fluminense. Ele&nbsp;teve 52,4% dos votos v\u00e1lidos.&nbsp;<\/p>\n\n\n\n<p>Seus votos foram contabilizados, mas classificados como&nbsp;<em>sub judice<\/em>, pois h\u00e1 uma decis\u00e3o do Tribunal Regional Eleitoral do Rio&nbsp;de Janeiro&nbsp;(TRE-RJ) indeferindo o registro da candidatura. O candidato apresentou recurso e aguarda an\u00e1lise do TSE. O imbr\u00f3glio diz respeito ao seu vice, Frederico Paes (MDB), que n\u00e3o teria observado prazos para se desincompatibilizar da dire\u00e7\u00e3o de um hospital.<\/p>\n\n\n\n<p>O candidato do PSB&nbsp;<a href=\"https:\/\/agenciabrasil.ebc.com.br\/eleicoes-2020\/noticia\/2020-11\/bomtempo-vence-disputa-em-petropolis\" target=\"_blank\" rel=\"noreferrer noopener\">Rubens Bomtempo<\/a>&nbsp;obteve 55,18% dos votos em Petr\u00f3polis no segundo turno das elei\u00e7\u00f5es. Mas o resultado final do pleito na cidade da regi\u00e3o serrana do estado do Rio segue, no entanto, em julgamento. Na \u00faltima&nbsp;segunda-feira (23), o TRE-RJ indeferiu o registro da candidatura ap\u00f3s condena\u00e7\u00e3o de Bomtempo por improbidade administrativa.&nbsp;<\/p>\n\n\n\n<h2 class=\"wp-block-heading\">Primeiro turno<\/h2>\n\n\n\n<p>No primeiro turno,&nbsp;<a href=\"https:\/\/agenciabrasil.ebc.com.br\/eleicoes-2020\/noticia\/2020-11\/candidaturas-de-sete-prefeitos-estao-sub-judice-no-rio\" target=\"_blank\" rel=\"noreferrer noopener\">sete candidatos<\/a>&nbsp;a prefeito no estado do Rio venceram o pleito, mas aguardam julgamento do recurso pelo TSE.&nbsp;Um desses munic\u00edpios \u00e9 Duque de Caxias, na regi\u00e3o metropolitana da capital, onde Washington Reis (MDB) ficou em primeiro lugar e ganharia em primeiro&nbsp;turno, se n\u00e3o estivesse com a candidatura&nbsp;<em>sub judice<\/em>.&nbsp;<\/p>\n\n\n\n<p>Outros vencedores do primeiro&nbsp;turno que ainda n\u00e3o podem se considerar eleitos s\u00e3o Christiane Cordeiro, do PP (Carapebus); Renato Cozzolino, do PP (Mag\u00e9); Dayse Onofre, do PL (Para\u00edba do Sul); Jaime Figueiredo, do PROS (Silva Jardim); Dr. Silvestre, do PP (Varre-Sai); e Neto, do DEM (Volta Redonda).<\/p>\n\n\n\n<p>Edi\u00e7\u00e3o: Gra\u00e7a Adjuto<\/p>\n","protected":false},"excerpt":{"rendered":"<p>Candidatos aguardam decis\u00e3o da Justi\u00e7a Eleitoral O estado do Rio&nbsp;de Janeiro&nbsp;tem nove candidatos a prefeitos<\/p>\n","protected":false},"author":2,"featured_media":7015,"comment_status":"open","ping_status":"open","sticky":false,"template":"","format":"standard","meta":{"footnotes":""},"categories":[15],"tags":[],"class_list":["post-7014","post","type-post","status-publish","format-standard","has-post-thumbnail","hentry","category-politica"],"_links":{"self":[{"href":"https:\/\/tvc16.com\/portal\/wp-json\/wp\/v2\/posts\/7014","targetHints":{"allow":["GET"]}}],"collection":[{"href":"https:\/\/tvc16.com\/portal\/wp-json\/wp\/v2\/posts"}],"about":[{"href":"https:\/\/tvc16.com\/portal\/wp-json\/wp\/v2\/types\/post"}],"author":[{"embeddable":true,"href":"https:\/\/tvc16.com\/portal\/wp-json\/wp\/v2\/users\/2"}],"replies":[{"embeddable":true,"href":"https:\/\/tvc16.com\/portal\/wp-json\/wp\/v2\/comments?post=7014"}],"version-history":[{"count":1,"href":"https:\/\/tvc16.com\/portal\/wp-json\/wp\/v2\/posts\/7014\/revisions"}],"predecessor-version":[{"id":7016,"href":"https:\/\/tvc16.com\/portal\/wp-json\/wp\/v2\/posts\/7014\/revisions\/7016"}],"wp:featuredmedia":[{"embeddable":true,"href":"https:\/\/tvc16.com\/portal\/wp-json\/wp\/v2\/media\/7015"}],"wp:attachment":[{"href":"https:\/\/tvc16.com\/portal\/wp-json\/wp\/v2\/media?parent=7014"}],"wp:term":[{"taxonomy":"category","embeddable":true,"href":"https:\/\/tvc16.com\/portal\/wp-json\/wp\/v2\/categories?post=7014"},{"taxonomy":"post_tag","embeddable":true,"href":"https:\/\/tvc16.com\/portal\/wp-json\/wp\/v2\/tags?post=7014"}],"curies":[{"name":"wp","href":"https:\/\/api.w.org\/{rel}","templated":true}]}}