{"id":7017,"date":"2020-11-30T17:28:36","date_gmt":"2020-11-30T20:28:36","guid":{"rendered":"https:\/\/tvc16.com\/portal\/?p=7017"},"modified":"2020-11-30T17:28:38","modified_gmt":"2020-11-30T20:28:38","slug":"bolsonaro-e-fernandez-da-argentina-tem-primeira-reuniao-bilateral","status":"publish","type":"post","link":"https:\/\/tvc16.com\/portal\/2020\/11\/30\/bolsonaro-e-fernandez-da-argentina-tem-primeira-reuniao-bilateral\/","title":{"rendered":"Bolsonaro e Fern\u00e1ndez, da Argentina, t\u00eam primeira reuni\u00e3o bilateral"},"content":{"rendered":"\n<h3 class=\"wp-block-heading\">Encontro foi realizado hoje por videoconfer\u00eancia<\/h3>\n\n\n\n<p>O presidente Jair Bolsonaro e o presidente da Argentina, Alberto Fern\u00e1ndez, tiveram na manh\u00e3 de hoje (30), por videoconfer\u00eancia, o primeiro encontro bilateral desde a elei\u00e7\u00e3o do argentino, em outubro do ano passado.<img decoding=\"async\" src=\"https:\/\/agenciabrasil.ebc.com.br\/ebc.png?id=1395076&amp;o=node\"><img decoding=\"async\" src=\"https:\/\/agenciabrasil.ebc.com.br\/ebc.gif?id=1395076&amp;o=node\"><\/p>\n\n\n\n<p>A reuni\u00e3o desta segunda-feira (30) ocorreu no Dia da Amizade entre Brasil e Argentina, que \u00e9 celebrado na mesma data h\u00e1 35 anos, desde uma primeira reuni\u00e3o, em 1985, entre os ent\u00e3o presidentes Jos\u00e9 Sarney e Ra\u00fal Afons\u00edn, em Foz do Igua\u00e7u. A ocasi\u00e3o \u00e9 tida como marco inicial do Mercado Comum do Sul (Mercosul).<\/p>\n\n\n\n<p>Tamb\u00e9m estiveram presentes na reuni\u00e3o desta segunda-feira (30) os chanceleres do Brasil, Ernesto Ara\u00fajo, e da Argentina, Felipe Sol\u00e1. Ap\u00f3s o encontro por videoconfer\u00eancia entre os mandat\u00e1rios, Sarney participou de uma solenidade para marcar a data.<\/p>\n\n\n\n<p>Em nota divulgada ap\u00f3s o encontro, a Casa Rosada disse que o presidente argentino pregou um impulso ao Mercosul e defendeu durante a reuni\u00e3o \u201cdeixar as diferen\u00e7as no passado e encarar o futuro com as ferramentas que funcionem para o bem de todos\u201d.<\/p>\n\n\n\n<p>Fern\u00e1ndez destacou a colabora\u00e7\u00e3o entre os dois pa\u00edses nas \u00e1reas de seguran\u00e7a e defesa, que segundo ele tem avan\u00e7ado. O mandat\u00e1rio argentino mencionou a necessidade de coopera\u00e7\u00e3o tamb\u00e9m na \u00e1rea ambiental e citou oportunidades no setor de g\u00e1s natural.<\/p>\n\n\n\n<p>Segundo a nota da Casa Rosada, Bolsonaro tamb\u00e9m ressaltou no encontro a boa integra\u00e7\u00e3o entre as For\u00e7as Armadas dos pa\u00edses, seja no desenvolvimento da ind\u00fastria b\u00e9lica ou no combate ao narcotr\u00e1fico e o crime transnacional.<\/p>\n\n\n\n<p>&nbsp;O presidente Jair Bolsonaro apoiou o ex-presidente da Argentina Maur\u00edcio Macri, que acabou derrotado por Fernandez na elei\u00e7\u00e3o de 2019. Bolsonaro n\u00e3o compareceu \u00e0 posse do hom\u00f3logo argentino. Ambos j\u00e1 estiveram juntos em eventos do Mercosul, mas ainda n\u00e3o tinham realizado uma reuni\u00e3o bilateral.<\/p>\n\n\n\n<p>Procurado pela&nbsp;<strong>Ag\u00eancia Brasil<\/strong>, o Pal\u00e1cio do Planalto confirmou a reuni\u00e3o entre os presidentes na manh\u00e3 desta segunda.<\/p>\n\n\n\n<p>Edi\u00e7\u00e3o: Val\u00e9ria Aguiar<\/p>\n","protected":false},"excerpt":{"rendered":"<p>Encontro foi realizado hoje por videoconfer\u00eancia O presidente Jair Bolsonaro e o presidente da Argentina,<\/p>\n","protected":false},"author":2,"featured_media":7018,"comment_status":"open","ping_status":"open","sticky":false,"template":"","format":"standard","meta":{"footnotes":""},"categories":[15],"tags":[],"class_list":["post-7017","post","type-post","status-publish","format-standard","has-post-thumbnail","hentry","category-politica"],"_links":{"self":[{"href":"https:\/\/tvc16.com\/portal\/wp-json\/wp\/v2\/posts\/7017","targetHints":{"allow":["GET"]}}],"collection":[{"href":"https:\/\/tvc16.com\/portal\/wp-json\/wp\/v2\/posts"}],"about":[{"href":"https:\/\/tvc16.com\/portal\/wp-json\/wp\/v2\/types\/post"}],"author":[{"embeddable":true,"href":"https:\/\/tvc16.com\/portal\/wp-json\/wp\/v2\/users\/2"}],"replies":[{"embeddable":true,"href":"https:\/\/tvc16.com\/portal\/wp-json\/wp\/v2\/comments?post=7017"}],"version-history":[{"count":1,"href":"https:\/\/tvc16.com\/portal\/wp-json\/wp\/v2\/posts\/7017\/revisions"}],"predecessor-version":[{"id":7019,"href":"https:\/\/tvc16.com\/portal\/wp-json\/wp\/v2\/posts\/7017\/revisions\/7019"}],"wp:featuredmedia":[{"embeddable":true,"href":"https:\/\/tvc16.com\/portal\/wp-json\/wp\/v2\/media\/7018"}],"wp:attachment":[{"href":"https:\/\/tvc16.com\/portal\/wp-json\/wp\/v2\/media?parent=7017"}],"wp:term":[{"taxonomy":"category","embeddable":true,"href":"https:\/\/tvc16.com\/portal\/wp-json\/wp\/v2\/categories?post=7017"},{"taxonomy":"post_tag","embeddable":true,"href":"https:\/\/tvc16.com\/portal\/wp-json\/wp\/v2\/tags?post=7017"}],"curies":[{"name":"wp","href":"https:\/\/api.w.org\/{rel}","templated":true}]}}