{"id":7023,"date":"2020-11-30T17:32:01","date_gmt":"2020-11-30T20:32:01","guid":{"rendered":"https:\/\/tvc16.com\/portal\/?p=7023"},"modified":"2020-11-30T17:32:05","modified_gmt":"2020-11-30T20:32:05","slug":"federacao-inglesa-investiga-possivel-comentario-racista-de-cavani","status":"publish","type":"post","link":"https:\/\/tvc16.com\/portal\/2020\/11\/30\/federacao-inglesa-investiga-possivel-comentario-racista-de-cavani\/","title":{"rendered":"Federa\u00e7\u00e3o inglesa investiga poss\u00edvel coment\u00e1rio racista de Cavani"},"content":{"rendered":"\n<h3 class=\"wp-block-heading\">O atleta teria publicado express\u00e3o ofensiva em rede social<\/h3>\n\n\n\n<h4 class=\"wp-block-heading\">Por Hardik Vyas &#8211; Bengaluru (\u00cdndia)<\/h4>\n\n\n\n<p>A Associa\u00e7\u00e3o de Futebol (FA) da Inglaterra est\u00e1 investigando uma publica\u00e7\u00e3o nas redes sociais do atacante Edinson Cavani, do Manchester United, que continha uma frase em espanhol que \u00e9 ofensiva em alguns contextos.&nbsp;O uruguaio de 33 anos inspirou o United a uma vit\u00f3ria por 3 x 2 contra o Southampton neste&nbsp;domingo (29), com dois gols e uma assist\u00eancia ap\u00f3s sair do banco no intervalo.<img decoding=\"async\" src=\"https:\/\/agenciabrasil.ebc.com.br\/ebc.png?id=1395060&amp;o=node\"><img decoding=\"async\" src=\"https:\/\/agenciabrasil.ebc.com.br\/ebc.gif?id=1395060&amp;o=node\"><\/p>\n\n\n\n<p>Em resposta a uma mensagem de parab\u00e9ns no Instagram, Cavani escreveu em espanhol: &#8220;Gracias negrito&#8221;. A postagem apareceu logo ap\u00f3s a partida e, posteriormente, foi exclu\u00edda.<\/p>\n\n\n\n<p>Cavani pode sofrer uma suspens\u00e3o m\u00ednima de tr\u00eas jogos se a FA considerar que ele usou linguagem discriminat\u00f3ria ou racista.<\/p>\n\n\n\n<p>O ex-atacante do Liverpool, Luis Su\u00e1rez, companheiro de Cavani na sele\u00e7\u00e3o do Uruguai, foi suspenso por oito partidas por usar a mesma palavra em uma discuss\u00e3o em campo com o lateral franc\u00eas Patrice Evra, do United, em 2011.<\/p>\n\n\n\n<p>N\u00e3o foi poss\u00edvel contatar o United imediatamente para coment\u00e1rios.<\/p>\n","protected":false},"excerpt":{"rendered":"<p>O atleta teria publicado express\u00e3o ofensiva em rede social Por Hardik Vyas &#8211; Bengaluru (\u00cdndia)<\/p>\n","protected":false},"author":2,"featured_media":7024,"comment_status":"open","ping_status":"open","sticky":false,"template":"","format":"standard","meta":{"footnotes":""},"categories":[20],"tags":[],"class_list":["post-7023","post","type-post","status-publish","format-standard","has-post-thumbnail","hentry","category-esporte"],"_links":{"self":[{"href":"https:\/\/tvc16.com\/portal\/wp-json\/wp\/v2\/posts\/7023","targetHints":{"allow":["GET"]}}],"collection":[{"href":"https:\/\/tvc16.com\/portal\/wp-json\/wp\/v2\/posts"}],"about":[{"href":"https:\/\/tvc16.com\/portal\/wp-json\/wp\/v2\/types\/post"}],"author":[{"embeddable":true,"href":"https:\/\/tvc16.com\/portal\/wp-json\/wp\/v2\/users\/2"}],"replies":[{"embeddable":true,"href":"https:\/\/tvc16.com\/portal\/wp-json\/wp\/v2\/comments?post=7023"}],"version-history":[{"count":1,"href":"https:\/\/tvc16.com\/portal\/wp-json\/wp\/v2\/posts\/7023\/revisions"}],"predecessor-version":[{"id":7025,"href":"https:\/\/tvc16.com\/portal\/wp-json\/wp\/v2\/posts\/7023\/revisions\/7025"}],"wp:featuredmedia":[{"embeddable":true,"href":"https:\/\/tvc16.com\/portal\/wp-json\/wp\/v2\/media\/7024"}],"wp:attachment":[{"href":"https:\/\/tvc16.com\/portal\/wp-json\/wp\/v2\/media?parent=7023"}],"wp:term":[{"taxonomy":"category","embeddable":true,"href":"https:\/\/tvc16.com\/portal\/wp-json\/wp\/v2\/categories?post=7023"},{"taxonomy":"post_tag","embeddable":true,"href":"https:\/\/tvc16.com\/portal\/wp-json\/wp\/v2\/tags?post=7023"}],"curies":[{"name":"wp","href":"https:\/\/api.w.org\/{rel}","templated":true}]}}