{"id":7026,"date":"2020-11-30T17:33:19","date_gmt":"2020-11-30T20:33:19","guid":{"rendered":"https:\/\/tvc16.com\/portal\/?p=7026"},"modified":"2020-11-30T17:33:21","modified_gmt":"2020-11-30T20:33:21","slug":"conrado-e-reeleito-presidente-do-cpb-e-vice-sera-medalhista-yohansson","status":"publish","type":"post","link":"https:\/\/tvc16.com\/portal\/2020\/11\/30\/conrado-e-reeleito-presidente-do-cpb-e-vice-sera-medalhista-yohansson\/","title":{"rendered":"Conrado \u00e9 reeleito presidente do CPB e vice ser\u00e1 medalhista Yohansson"},"content":{"rendered":"\n<h3 class=\"wp-block-heading\">Nadadora Ed\u00eania Garcia comandar\u00e1 conselho fiscal da entidade<\/h3>\n\n\n\n<h4 class=\"wp-block-heading\">Por Juliano Justo &#8211; Rep\u00f3rter da TV Brasil e R\u00e1dio Nacional &#8211; S\u00e3o Paulo<\/h4>\n\n\n\n<p>O presidente Mizael Conrado, 42 anos, foi reeleito presidente do Comit\u00ea Paral\u00edmpico Brasileiro (CPB) em Assembleia Geral Ordin\u00e1ria de Elei\u00e7\u00e3o realizada nesta segunda-feira (30)&nbsp;no Centro de Treinamento Paral\u00edmpico, em S\u00e3o Paulo. O ex-atleta e multicampe\u00e3o do atletismo Yohansson Nascimento, 33 anos, venceu o pleito para a fun\u00e7\u00e3o de vice,&nbsp;e a&nbsp;nadadora Ed\u00eania Garcia (classe S4), 33 anos, foi escolhida para a presid\u00eancia do conselho fiscal da entidade. As fun\u00e7\u00f5es ser\u00e3o exercidas de 2021 a 2025. Participaram da vota\u00e7\u00e3o entidades esportivas com representa\u00e7\u00e3o no movimento paral\u00edmpico e membros do conselho de atletas. Ao todo, foram 20 votos contabilizados.&nbsp;&nbsp;<img decoding=\"async\" src=\"https:\/\/agenciabrasil.ebc.com.br\/ebc.png?id=1395075&amp;o=node\"><img decoding=\"async\" src=\"https:\/\/agenciabrasil.ebc.com.br\/ebc.gif?id=1395075&amp;o=node\"><\/p>\n\n\n\n<p>Esta \u00e9 a primeira vez na hist\u00f3ria do movimento paral\u00edmpico nacional que a diretoria eleita do Comit\u00ea ser\u00e1 formada somente por atletas medalhistas. Eleito presidente pela primeira vez em 2017, Mizael Conrado, bicampe\u00e3o de futebol de cinco, foi o primeiro a&nbsp;assumir o posto mais alto do&nbsp;CPB. Seu vice&nbsp;<a href=\"https:\/\/agenciabrasil.ebc.com.br\/esportes\/noticia\/2020-10\/coluna-yohansson-para-historia\">Yohansson se aposentou das pistas&nbsp;<\/a>h\u00e1 pouco mais de um m\u00eas, quando anunciou que concorreria \u00e0 vice-presid\u00eancia. Ele foi campe\u00e3o em Londres 2012 e tem outras cinco medalhas em Jogos Paral\u00edmpicos. J\u00e1 a nadadora&nbsp;Ed\u00eania, que comandar\u00e1 o conselho fiscal, tem tr\u00eas medalhas na modalidade.&nbsp;<\/p>\n\n\n\n<p>A posse da nova diretoria ser\u00e1 realizada no primeiro dia \u00fatil de 2021, em\u00a04 de janeiro. \u201cAgrade\u00e7o por mais esse voto de confian\u00e7a que recebemos, al\u00e9m de ser mais uma demonstra\u00e7\u00e3o da aprova\u00e7\u00e3o que temos da nossa gest\u00e3o. Continuaremos com grandes desafios e ainda mais responsabilidades de promover o acesso de todos ao esporte paral\u00edmpico\u201d, afirmou \u00e0 equipe do CPB o paulista Mizael Conrado, que foi considerando o melhor do mundo, em 1998, no\u00a0futebol de cinco.<\/p>\n\n\n\n<p>Andrew Parsons,&nbsp;presidente do&nbsp;Comit\u00ea Paral\u00edmpico Internacional (IPC, em ingl\u00eas),&nbsp; parabenizou Mizael pela reelei\u00e7\u00e3o. &nbsp;&#8220;Conrado foi brilhante em quatro anos e, desde os Jogos do Rio 2016, \u00e9 poss\u00edvel perceber esse legado e,&nbsp;hoje, o movimento est\u00e1 mais forte do que nunca. \u00c9 um orgulho muito grande para o nosso pa\u00eds\u201d. Durante a sua primeira gest\u00e3o (2017 a 2020)&nbsp;&nbsp;do ex-jogador de futebol de cinco,&nbsp;o pa\u00eds bateu&nbsp;recorde de medalhas em 2019, nos nos Jogos Parapan de Lima (Peru), e tamb\u00e9m no Mundial de Atletismo &#8211;&nbsp; o Brasil ficou em segundo lugar com 39 medalhas (14 ouros, 9 pratas e 16 bronzes).<\/p>\n\n\n\n<p>O alagoano Yohansson Nascimento, eleito vice-presidente do CPB,&nbsp;&nbsp;foi ouro nos 200m em Londres 2012 pela classe T45 (para atletas com defici\u00eancia nos membros superiores), al\u00e9m das pratas no revezamento 4x100m em Pequim 2008, nos 400m em Londres 2012 e no revezamento 4x100m no Rio 2016.&nbsp;&nbsp;&#8220;Agrade\u00e7o a todos por confiarem em meu trabalho como atleta que representou o seu pa\u00eds por muitos anos. A minha inten\u00e7\u00e3o agora \u00e9 fazer com que todas as crian\u00e7as com defici\u00eancia, espalhadas pelo Brasil, tenham a mesma oportunidade que eu tive. Com certeza, meu empenho agora ser\u00e1 o dobro do que tive nas pistas\u201d, prometeu o ex-velocista.<\/p>\n\n\n\n<p>A nadadora Ed\u00eania Garcia (classe S4), teracampe\u00e3 mundial e parapan-americana nos 50 metros costas, tamb\u00e9m agradeceu o resultado das urnas. \u201cMuito obrigado pelo apoio e por cada um dos votos. Me deram uma grande oportunidade. Quero contribuir com o Movimento Paral\u00edmpico muito al\u00e9m das medalhas. Vou agir muito mais agora em prol do esporte paral\u00edmpico&#8221;.<\/p>\n\n\n\n<p>Edi\u00e7\u00e3o: Cl\u00e1udia Soares Rodrigues<\/p>\n","protected":false},"excerpt":{"rendered":"<p>Nadadora Ed\u00eania Garcia comandar\u00e1 conselho fiscal da entidade Por Juliano Justo &#8211; Rep\u00f3rter da TV<\/p>\n","protected":false},"author":2,"featured_media":7027,"comment_status":"open","ping_status":"open","sticky":false,"template":"","format":"standard","meta":{"footnotes":""},"categories":[20],"tags":[],"class_list":["post-7026","post","type-post","status-publish","format-standard","has-post-thumbnail","hentry","category-esporte"],"_links":{"self":[{"href":"https:\/\/tvc16.com\/portal\/wp-json\/wp\/v2\/posts\/7026","targetHints":{"allow":["GET"]}}],"collection":[{"href":"https:\/\/tvc16.com\/portal\/wp-json\/wp\/v2\/posts"}],"about":[{"href":"https:\/\/tvc16.com\/portal\/wp-json\/wp\/v2\/types\/post"}],"author":[{"embeddable":true,"href":"https:\/\/tvc16.com\/portal\/wp-json\/wp\/v2\/users\/2"}],"replies":[{"embeddable":true,"href":"https:\/\/tvc16.com\/portal\/wp-json\/wp\/v2\/comments?post=7026"}],"version-history":[{"count":1,"href":"https:\/\/tvc16.com\/portal\/wp-json\/wp\/v2\/posts\/7026\/revisions"}],"predecessor-version":[{"id":7028,"href":"https:\/\/tvc16.com\/portal\/wp-json\/wp\/v2\/posts\/7026\/revisions\/7028"}],"wp:featuredmedia":[{"embeddable":true,"href":"https:\/\/tvc16.com\/portal\/wp-json\/wp\/v2\/media\/7027"}],"wp:attachment":[{"href":"https:\/\/tvc16.com\/portal\/wp-json\/wp\/v2\/media?parent=7026"}],"wp:term":[{"taxonomy":"category","embeddable":true,"href":"https:\/\/tvc16.com\/portal\/wp-json\/wp\/v2\/categories?post=7026"},{"taxonomy":"post_tag","embeddable":true,"href":"https:\/\/tvc16.com\/portal\/wp-json\/wp\/v2\/tags?post=7026"}],"curies":[{"name":"wp","href":"https:\/\/api.w.org\/{rel}","templated":true}]}}