{"id":7032,"date":"2020-11-30T17:36:20","date_gmt":"2020-11-30T20:36:20","guid":{"rendered":"https:\/\/tvc16.com\/portal\/?p=7032"},"modified":"2020-11-30T17:36:23","modified_gmt":"2020-11-30T20:36:23","slug":"confianca-de-servicos-cai-21-pontos-em-novembro-diz-fgv","status":"publish","type":"post","link":"https:\/\/tvc16.com\/portal\/2020\/11\/30\/confianca-de-servicos-cai-21-pontos-em-novembro-diz-fgv\/","title":{"rendered":"Confian\u00e7a de Servi\u00e7os cai 2,1 pontos em novembro, diz FGV"},"content":{"rendered":"\n<h3 class=\"wp-block-heading\">Essa foi a segunda queda consecutiva do indicador<\/h3>\n\n\n\n<h4 class=\"wp-block-heading\">Por Vitor Abdala &#8211; Rep\u00f3rter da Ag\u00eancia Brasil &#8211; Rio de Janeiro<\/h4>\n\n\n\n<p>O \u00cdndice de Confian\u00e7a de Servi\u00e7os, da Funda\u00e7\u00e3o Getulio Vargas (FGV), recuou 2,1 pontos de outubro para novembro deste ano e chegou a 85,4 pontos, em uma escala de zero a 200 pontos. Essa foi a segunda queda consecutiva do indicador.<img decoding=\"async\" src=\"https:\/\/agenciabrasil.ebc.com.br\/ebc.png?id=1395047&amp;o=node\"><img decoding=\"async\" src=\"https:\/\/agenciabrasil.ebc.com.br\/ebc.gif?id=1395047&amp;o=node\"><\/p>\n\n\n\n<p>A queda da confian\u00e7a atingiu empres\u00e1rios de nove dos 13 segmentos pesquisados pela FGV. As avalia\u00e7\u00f5es sobre o momento atual, medidas pelo \u00cdndice da Situa\u00e7\u00e3o Atual tiveram leve alta de 0,3 ponto e passaram para 79,5 pontos.<\/p>\n\n\n\n<p>J\u00e1 o \u00cdndice de Expectativas, que mede a confian\u00e7a no futuro, caiu 4,4 pontos e atingiu 91,3 pontos, em sua segunda queda consecutiva.<\/p>\n\n\n\n<p>&#8220;A queda pelo segundo m\u00eas consecutivo da confian\u00e7a de servi\u00e7os mostra um retrocesso no processo de recupera\u00e7\u00e3o do setor, que vinha ocorrendo desde maio. O per\u00edodo de transi\u00e7\u00e3o dos programas do governo, a preocupa\u00e7\u00e3o com a pandemia e a cautela dos consumidores sugerem que a recupera\u00e7\u00e3o do setor ainda tem um caminho longo pela frente&#8221;, disse o economista da FGV Rodolpho Tobler.<\/p>\n\n\n\n<p>O N\u00edvel de Utiliza\u00e7\u00e3o da Capacidade Instalada do setor de servi\u00e7os aumentou 1,8 ponto percentual para 83,1%, o maior valor desde novembro de 2015 (83,2%).<\/p>\n\n\n\n<p>Edi\u00e7\u00e3o: Val\u00e9ria Aguiar<\/p>\n","protected":false},"excerpt":{"rendered":"<p>Essa foi a segunda queda consecutiva do indicador Por Vitor Abdala &#8211; Rep\u00f3rter da Ag\u00eancia<\/p>\n","protected":false},"author":2,"featured_media":7033,"comment_status":"open","ping_status":"open","sticky":false,"template":"","format":"standard","meta":{"footnotes":""},"categories":[18],"tags":[],"class_list":["post-7032","post","type-post","status-publish","format-standard","has-post-thumbnail","hentry","category-economia"],"_links":{"self":[{"href":"https:\/\/tvc16.com\/portal\/wp-json\/wp\/v2\/posts\/7032","targetHints":{"allow":["GET"]}}],"collection":[{"href":"https:\/\/tvc16.com\/portal\/wp-json\/wp\/v2\/posts"}],"about":[{"href":"https:\/\/tvc16.com\/portal\/wp-json\/wp\/v2\/types\/post"}],"author":[{"embeddable":true,"href":"https:\/\/tvc16.com\/portal\/wp-json\/wp\/v2\/users\/2"}],"replies":[{"embeddable":true,"href":"https:\/\/tvc16.com\/portal\/wp-json\/wp\/v2\/comments?post=7032"}],"version-history":[{"count":1,"href":"https:\/\/tvc16.com\/portal\/wp-json\/wp\/v2\/posts\/7032\/revisions"}],"predecessor-version":[{"id":7034,"href":"https:\/\/tvc16.com\/portal\/wp-json\/wp\/v2\/posts\/7032\/revisions\/7034"}],"wp:featuredmedia":[{"embeddable":true,"href":"https:\/\/tvc16.com\/portal\/wp-json\/wp\/v2\/media\/7033"}],"wp:attachment":[{"href":"https:\/\/tvc16.com\/portal\/wp-json\/wp\/v2\/media?parent=7032"}],"wp:term":[{"taxonomy":"category","embeddable":true,"href":"https:\/\/tvc16.com\/portal\/wp-json\/wp\/v2\/categories?post=7032"},{"taxonomy":"post_tag","embeddable":true,"href":"https:\/\/tvc16.com\/portal\/wp-json\/wp\/v2\/tags?post=7032"}],"curies":[{"name":"wp","href":"https:\/\/api.w.org\/{rel}","templated":true}]}}