{"id":7038,"date":"2020-11-30T17:39:57","date_gmt":"2020-11-30T20:39:57","guid":{"rendered":"https:\/\/tvc16.com\/portal\/?p=7038"},"modified":"2020-11-30T17:39:59","modified_gmt":"2020-11-30T20:39:59","slug":"industria-fluminense-recupera-423-dos-empregos-perdidos-com-pandemia","status":"publish","type":"post","link":"https:\/\/tvc16.com\/portal\/2020\/11\/30\/industria-fluminense-recupera-423-dos-empregos-perdidos-com-pandemia\/","title":{"rendered":"Ind\u00fastria fluminense recupera 42,3% dos empregos perdidos com pandemia"},"content":{"rendered":"\n<h3 class=\"wp-block-heading\">Pesquisa \u00e9 da Federa\u00e7\u00e3o das Ind\u00fastrias do estado<\/h3>\n\n\n\n<h4 class=\"wp-block-heading\">Por Alana Gandra &#8211; Rep\u00f3rter da Ag\u00eancia Brasil &#8211; Rio de Janeiro<\/h4>\n\n\n\n<p>Pesquisa feita pela Federa\u00e7\u00e3o das Ind\u00fastrias do Estado do Rio de Janeiro (Firjan), divulgada&nbsp;hoje&nbsp;(30) por meio da plataforma Retratos Regionais, revela que o setor recuperou&nbsp;de julho&nbsp;a outubro deste ano 15.225 vagas do total de 36.010 postos de trabalho perdidos&nbsp;de mar\u00e7o a junho, devido \u00e0 pandemia do novo coronav\u00edrus. O resultado da sondagem confirma que foram recuperados 42,3% dos empregos perdidos nos meses mais afetados pela covid-19.<img decoding=\"async\" src=\"https:\/\/agenciabrasil.ebc.com.br\/ebc.png?id=1395069&amp;o=node\"><img decoding=\"async\" src=\"https:\/\/agenciabrasil.ebc.com.br\/ebc.gif?id=1395069&amp;o=node\"><\/p>\n\n\n\n<p>O destaque \u00e9 para o desempenho dos segmentos de produtos de metal, de borracha e de material pl\u00e1stico, que recuperaram os postos de trabalho perdidos e criaram novas vagas.<\/p>\n\n\n\n<p>No com\u00e9rcio, foram recuperados, entre julho e&nbsp;outubro, 31% das vagas perdidas. A pesquisa mostra, por outro lado, que o setor de servi\u00e7os se mant\u00e9m com saldo negativo no acumulado desde julho, de 5.142 postos de trabalho perdidos.<\/p>\n\n\n\n<p>O com\u00e9rcio recuperou, de julho&nbsp;a&nbsp;outubro, 31% dos postos de trabalho perdidos. O&nbsp;setor de servi\u00e7os ainda apresenta saldo negativo no acumulado desde julho (-5.142), per\u00edodo considerado pelo indicador de Retomada dos Empregos, da plataforma Retratos Regionais.<\/p>\n\n\n\n<h2 class=\"wp-block-heading\">Outubro<\/h2>\n\n\n\n<p>Em&nbsp;outubro, o estado do Rio teve&nbsp;acelera\u00e7\u00e3o no ritmo de contrata\u00e7\u00f5es, com saldo de 16.271 novas vagas formais, com carteira assinada. Em setembro, o n\u00famero de postos de trabalho abertos foi de 8.966 e, em agosto, de apenas 5.152.<\/p>\n\n\n\n<p>O setor que mais abriu vagas foi o com\u00e9rcio (+7.559), impulsionado pelo varejo&nbsp;de vestu\u00e1rio e acess\u00f3rios (+1.056 postos criados). A ind\u00fastria abriu 4.813 postos de trabalho e o setor de servi\u00e7os, 3.875. Na agropecu\u00e1ria, o saldo foi de 24 novas vagas em outubro.<\/p>\n\n\n\n<h2 class=\"wp-block-heading\">Setores<\/h2>\n\n\n\n<p>No setor, a ind\u00fastria de transforma\u00e7\u00e3o foi a que mais contratou em outubro (+2.945), seguida pela constru\u00e7\u00e3o civil (+1.707) e pelos servi\u00e7os industriais de utilidade p\u00fablica (+307). J\u00e1 a ind\u00fastria extrativa teve saldo negativo (-146 postos).<\/p>\n\n\n\n<p>Na ind\u00fastria de transforma\u00e7\u00e3o,&nbsp;confec\u00e7\u00e3o de artigos do vestu\u00e1rio e acess\u00f3rios (+828) foi o segmento que mais contratou em outubro, seguindo-se manuten\u00e7\u00e3o, repara\u00e7\u00e3o e instala\u00e7\u00e3o de m\u00e1quinas e equipamentos (+670); produtos de borracha e de material pl\u00e1stico (+365); produtos de metal, exceto m\u00e1quinas e equipamentos, (+354); e produtos aliment\u00edcios (+348).<\/p>\n\n\n\n<p>A capital do estado do Rio liderou o desempenho do setor industrial em outubro, com a cria\u00e7\u00e3o de 2.412 vagas. Seguiram-se o sul fluminense (+903), centro-norte (+468) e a regi\u00e3o Serrana (+413 postos de trabalho).<\/p>\n\n\n\n<p>Edi\u00e7\u00e3o: Gra\u00e7a Adjuto<\/p>\n","protected":false},"excerpt":{"rendered":"<p>Pesquisa \u00e9 da Federa\u00e7\u00e3o das Ind\u00fastrias do estado Por Alana Gandra &#8211; Rep\u00f3rter da Ag\u00eancia<\/p>\n","protected":false},"author":2,"featured_media":7039,"comment_status":"open","ping_status":"open","sticky":false,"template":"","format":"standard","meta":{"footnotes":""},"categories":[18],"tags":[],"class_list":["post-7038","post","type-post","status-publish","format-standard","has-post-thumbnail","hentry","category-economia"],"_links":{"self":[{"href":"https:\/\/tvc16.com\/portal\/wp-json\/wp\/v2\/posts\/7038","targetHints":{"allow":["GET"]}}],"collection":[{"href":"https:\/\/tvc16.com\/portal\/wp-json\/wp\/v2\/posts"}],"about":[{"href":"https:\/\/tvc16.com\/portal\/wp-json\/wp\/v2\/types\/post"}],"author":[{"embeddable":true,"href":"https:\/\/tvc16.com\/portal\/wp-json\/wp\/v2\/users\/2"}],"replies":[{"embeddable":true,"href":"https:\/\/tvc16.com\/portal\/wp-json\/wp\/v2\/comments?post=7038"}],"version-history":[{"count":1,"href":"https:\/\/tvc16.com\/portal\/wp-json\/wp\/v2\/posts\/7038\/revisions"}],"predecessor-version":[{"id":7040,"href":"https:\/\/tvc16.com\/portal\/wp-json\/wp\/v2\/posts\/7038\/revisions\/7040"}],"wp:featuredmedia":[{"embeddable":true,"href":"https:\/\/tvc16.com\/portal\/wp-json\/wp\/v2\/media\/7039"}],"wp:attachment":[{"href":"https:\/\/tvc16.com\/portal\/wp-json\/wp\/v2\/media?parent=7038"}],"wp:term":[{"taxonomy":"category","embeddable":true,"href":"https:\/\/tvc16.com\/portal\/wp-json\/wp\/v2\/categories?post=7038"},{"taxonomy":"post_tag","embeddable":true,"href":"https:\/\/tvc16.com\/portal\/wp-json\/wp\/v2\/tags?post=7038"}],"curies":[{"name":"wp","href":"https:\/\/api.w.org\/{rel}","templated":true}]}}