{"id":70382,"date":"2023-10-18T06:00:00","date_gmt":"2023-10-18T09:00:00","guid":{"rendered":"https:\/\/tvc16.com\/portal\/?p=70382"},"modified":"2023-10-17T10:54:34","modified_gmt":"2023-10-17T13:54:34","slug":"prefeitura-de-nova-friburgo-reinaugura-esf-de-mury-totalmente-reformada","status":"publish","type":"post","link":"https:\/\/tvc16.com\/portal\/2023\/10\/18\/prefeitura-de-nova-friburgo-reinaugura-esf-de-mury-totalmente-reformada\/","title":{"rendered":"Prefeitura de Nova Friburgo reinaugura ESF de Mury totalmente reformada"},"content":{"rendered":"\n<p>A Prefeitura de Nova Friburgo, por meio da Secretaria Municipal de Sa\u00fade, reinaugurou nesta segunda-feira, 16, a Estrat\u00e9gia de Sa\u00fade da Fam\u00edlia (ESF) de Mury, que foi totalmente reformada. Al\u00e9m do prefeito Johnny Maycon, estiveram na cerim\u00f4nia a primeira-dama Lorrayne Ribeiro, os secret\u00e1rios municipais de Sa\u00fade, Nicole Cipriano, e de Obras, Bernardo Verly, a subsecret\u00e1ria de Aten\u00e7\u00e3o B\u00e1sica, Lucimar Ribeiro, e o vereador Carlinhos do Kiko, representando a C\u00e2mara de Vereadores.&nbsp;<\/p>\n\n\n\n<p>O posto possui tr\u00eas consult\u00f3rios, sala da enfermagem, de odontologia, de reuni\u00e3o, de press\u00e3o arterial e pesagem, esteriliza\u00e7\u00e3o, farm\u00e1cia, recep\u00e7\u00e3o, copa e banheiros. Uma das principais demandas do local era o telhado, que foi todo repaginado. Al\u00e9m disso foi realizada a instala\u00e7\u00e3o de uma nova estrutura para abrigar a caixa d\u2019\u00e1gua. O forro, revestimento do piso e pintura tamb\u00e9m foram refeitos durante a obra.&nbsp;<\/p>\n\n\n\n<p>A ESF tem 17 funcion\u00e1rios e cobre mais de 5.700 moradores do distrito, que agora ter\u00e3o uma unidade repaginada, sendo um ambiente mais acolhedor, confort\u00e1vel e digno para os atendimentos de sa\u00fade b\u00e1sica.&nbsp;<\/p>\n\n\n\n<p>\u201cEstamos empenhados em fortalecer o atendimento prim\u00e1rio nos bairros, buscando aliviar a demanda do Hospital Raul Sert\u00e3 e da UPA. Nesse sentido, realizamos reformas na UBS de S\u00e3o Geraldo, na ESF de Vargem Alta e os trabalhos est\u00e3o em pleno andamento na Policl\u00ednica Dr. Waldir Costa, em Conselheiro\u201d, disse o prefeito Johnny Maycon.<\/p>\n\n\n\n<p><\/p>\n\n\n\n<figure class=\"wp-block-gallery has-nested-images columns-default is-cropped wp-block-gallery-1 is-layout-flex wp-block-gallery-is-layout-flex\">\n<figure class=\"wp-block-image size-large\"><img loading=\"lazy\" decoding=\"async\" width=\"1024\" height=\"461\" data-id=\"70390\" src=\"https:\/\/tvc16.com\/portal\/wp-content\/uploads\/2023\/10\/1fd71cb7-885a-4792-bb1e-c02cbd84d52b-1-1024x461.jpg\" alt=\"\" class=\"wp-image-70390\" srcset=\"https:\/\/tvc16.com\/portal\/wp-content\/uploads\/2023\/10\/1fd71cb7-885a-4792-bb1e-c02cbd84d52b-1-1024x461.jpg 1024w, https:\/\/tvc16.com\/portal\/wp-content\/uploads\/2023\/10\/1fd71cb7-885a-4792-bb1e-c02cbd84d52b-1-300x135.jpg 300w, https:\/\/tvc16.com\/portal\/wp-content\/uploads\/2023\/10\/1fd71cb7-885a-4792-bb1e-c02cbd84d52b-1-768x346.jpg 768w, https:\/\/tvc16.com\/portal\/wp-content\/uploads\/2023\/10\/1fd71cb7-885a-4792-bb1e-c02cbd84d52b-1-1536x691.jpg 1536w, https:\/\/tvc16.com\/portal\/wp-content\/uploads\/2023\/10\/1fd71cb7-885a-4792-bb1e-c02cbd84d52b-1.jpg 1600w\" sizes=\"auto, (max-width: 1024px) 100vw, 1024px\" \/><\/figure>\n\n\n\n<figure class=\"wp-block-image size-large\"><img loading=\"lazy\" decoding=\"async\" width=\"1024\" height=\"461\" data-id=\"70388\" src=\"https:\/\/tvc16.com\/portal\/wp-content\/uploads\/2023\/10\/53fabff1-b95b-4231-9ce9-0e09252dd8ca-1024x461.jpg\" alt=\"\" class=\"wp-image-70388\" srcset=\"https:\/\/tvc16.com\/portal\/wp-content\/uploads\/2023\/10\/53fabff1-b95b-4231-9ce9-0e09252dd8ca-1024x461.jpg 1024w, https:\/\/tvc16.com\/portal\/wp-content\/uploads\/2023\/10\/53fabff1-b95b-4231-9ce9-0e09252dd8ca-300x135.jpg 300w, https:\/\/tvc16.com\/portal\/wp-content\/uploads\/2023\/10\/53fabff1-b95b-4231-9ce9-0e09252dd8ca-768x346.jpg 768w, https:\/\/tvc16.com\/portal\/wp-content\/uploads\/2023\/10\/53fabff1-b95b-4231-9ce9-0e09252dd8ca-1536x691.jpg 1536w, https:\/\/tvc16.com\/portal\/wp-content\/uploads\/2023\/10\/53fabff1-b95b-4231-9ce9-0e09252dd8ca.jpg 1600w\" sizes=\"auto, (max-width: 1024px) 100vw, 1024px\" \/><\/figure>\n\n\n\n<figure class=\"wp-block-image size-large\"><img loading=\"lazy\" decoding=\"async\" width=\"1024\" height=\"498\" data-id=\"70386\" src=\"https:\/\/tvc16.com\/portal\/wp-content\/uploads\/2023\/10\/15345d3b-9758-43d1-ba89-6dc8ba1d33f4-1-1024x498.jpg\" alt=\"\" class=\"wp-image-70386\" srcset=\"https:\/\/tvc16.com\/portal\/wp-content\/uploads\/2023\/10\/15345d3b-9758-43d1-ba89-6dc8ba1d33f4-1-1024x498.jpg 1024w, https:\/\/tvc16.com\/portal\/wp-content\/uploads\/2023\/10\/15345d3b-9758-43d1-ba89-6dc8ba1d33f4-1-300x146.jpg 300w, https:\/\/tvc16.com\/portal\/wp-content\/uploads\/2023\/10\/15345d3b-9758-43d1-ba89-6dc8ba1d33f4-1-768x374.jpg 768w, https:\/\/tvc16.com\/portal\/wp-content\/uploads\/2023\/10\/15345d3b-9758-43d1-ba89-6dc8ba1d33f4-1.jpg 1464w\" sizes=\"auto, (max-width: 1024px) 100vw, 1024px\" \/><\/figure>\n\n\n\n<figure class=\"wp-block-image size-large\"><img loading=\"lazy\" decoding=\"async\" width=\"1024\" height=\"495\" data-id=\"70387\" src=\"https:\/\/tvc16.com\/portal\/wp-content\/uploads\/2023\/10\/dfa78c5a-c8e0-43b9-bc5a-33a5ee88b104-1024x495.jpg\" alt=\"\" class=\"wp-image-70387\" srcset=\"https:\/\/tvc16.com\/portal\/wp-content\/uploads\/2023\/10\/dfa78c5a-c8e0-43b9-bc5a-33a5ee88b104-1024x495.jpg 1024w, https:\/\/tvc16.com\/portal\/wp-content\/uploads\/2023\/10\/dfa78c5a-c8e0-43b9-bc5a-33a5ee88b104-300x145.jpg 300w, https:\/\/tvc16.com\/portal\/wp-content\/uploads\/2023\/10\/dfa78c5a-c8e0-43b9-bc5a-33a5ee88b104-768x371.jpg 768w, https:\/\/tvc16.com\/portal\/wp-content\/uploads\/2023\/10\/dfa78c5a-c8e0-43b9-bc5a-33a5ee88b104-1536x743.jpg 1536w, https:\/\/tvc16.com\/portal\/wp-content\/uploads\/2023\/10\/dfa78c5a-c8e0-43b9-bc5a-33a5ee88b104.jpg 1599w\" sizes=\"auto, (max-width: 1024px) 100vw, 1024px\" \/><\/figure>\n\n\n\n<figure class=\"wp-block-image size-large\"><img loading=\"lazy\" decoding=\"async\" width=\"1024\" height=\"408\" data-id=\"70385\" src=\"https:\/\/tvc16.com\/portal\/wp-content\/uploads\/2023\/10\/ea0b5f7e-0f21-4626-b017-5c0edfad472c-1024x408.jpg\" alt=\"\" class=\"wp-image-70385\" srcset=\"https:\/\/tvc16.com\/portal\/wp-content\/uploads\/2023\/10\/ea0b5f7e-0f21-4626-b017-5c0edfad472c-1024x408.jpg 1024w, https:\/\/tvc16.com\/portal\/wp-content\/uploads\/2023\/10\/ea0b5f7e-0f21-4626-b017-5c0edfad472c-300x119.jpg 300w, https:\/\/tvc16.com\/portal\/wp-content\/uploads\/2023\/10\/ea0b5f7e-0f21-4626-b017-5c0edfad472c-768x306.jpg 768w, https:\/\/tvc16.com\/portal\/wp-content\/uploads\/2023\/10\/ea0b5f7e-0f21-4626-b017-5c0edfad472c-1536x612.jpg 1536w, https:\/\/tvc16.com\/portal\/wp-content\/uploads\/2023\/10\/ea0b5f7e-0f21-4626-b017-5c0edfad472c.jpg 1600w\" sizes=\"auto, (max-width: 1024px) 100vw, 1024px\" \/><\/figure>\n\n\n\n<figure class=\"wp-block-image size-large\"><img loading=\"lazy\" decoding=\"async\" width=\"1024\" height=\"461\" data-id=\"70389\" src=\"https:\/\/tvc16.com\/portal\/wp-content\/uploads\/2023\/10\/f70fe181-39d9-43fc-8e19-726952e30aae-1024x461.jpg\" alt=\"\" class=\"wp-image-70389\" srcset=\"https:\/\/tvc16.com\/portal\/wp-content\/uploads\/2023\/10\/f70fe181-39d9-43fc-8e19-726952e30aae-1024x461.jpg 1024w, https:\/\/tvc16.com\/portal\/wp-content\/uploads\/2023\/10\/f70fe181-39d9-43fc-8e19-726952e30aae-300x135.jpg 300w, https:\/\/tvc16.com\/portal\/wp-content\/uploads\/2023\/10\/f70fe181-39d9-43fc-8e19-726952e30aae-768x346.jpg 768w, https:\/\/tvc16.com\/portal\/wp-content\/uploads\/2023\/10\/f70fe181-39d9-43fc-8e19-726952e30aae-1536x691.jpg 1536w, https:\/\/tvc16.com\/portal\/wp-content\/uploads\/2023\/10\/f70fe181-39d9-43fc-8e19-726952e30aae.jpg 1600w\" sizes=\"auto, (max-width: 1024px) 100vw, 1024px\" \/><\/figure>\n<\/figure>\n","protected":false},"excerpt":{"rendered":"<p>A Prefeitura de Nova Friburgo, por meio da Secretaria Municipal de Sa\u00fade, reinaugurou nesta segunda-feira,<\/p>\n","protected":false},"author":2,"featured_media":70384,"comment_status":"open","ping_status":"open","sticky":false,"template":"","format":"standard","meta":{"footnotes":""},"categories":[17],"tags":[],"class_list":["post-70382","post","type-post","status-publish","format-standard","has-post-thumbnail","hentry","category-outras-noticias"],"_links":{"self":[{"href":"https:\/\/tvc16.com\/portal\/wp-json\/wp\/v2\/posts\/70382","targetHints":{"allow":["GET"]}}],"collection":[{"href":"https:\/\/tvc16.com\/portal\/wp-json\/wp\/v2\/posts"}],"about":[{"href":"https:\/\/tvc16.com\/portal\/wp-json\/wp\/v2\/types\/post"}],"author":[{"embeddable":true,"href":"https:\/\/tvc16.com\/portal\/wp-json\/wp\/v2\/users\/2"}],"replies":[{"embeddable":true,"href":"https:\/\/tvc16.com\/portal\/wp-json\/wp\/v2\/comments?post=70382"}],"version-history":[{"count":1,"href":"https:\/\/tvc16.com\/portal\/wp-json\/wp\/v2\/posts\/70382\/revisions"}],"predecessor-version":[{"id":70391,"href":"https:\/\/tvc16.com\/portal\/wp-json\/wp\/v2\/posts\/70382\/revisions\/70391"}],"wp:featuredmedia":[{"embeddable":true,"href":"https:\/\/tvc16.com\/portal\/wp-json\/wp\/v2\/media\/70384"}],"wp:attachment":[{"href":"https:\/\/tvc16.com\/portal\/wp-json\/wp\/v2\/media?parent=70382"}],"wp:term":[{"taxonomy":"category","embeddable":true,"href":"https:\/\/tvc16.com\/portal\/wp-json\/wp\/v2\/categories?post=70382"},{"taxonomy":"post_tag","embeddable":true,"href":"https:\/\/tvc16.com\/portal\/wp-json\/wp\/v2\/tags?post=70382"}],"curies":[{"name":"wp","href":"https:\/\/api.w.org\/{rel}","templated":true}]}}