{"id":70398,"date":"2023-10-17T11:36:18","date_gmt":"2023-10-17T14:36:18","guid":{"rendered":"https:\/\/tvc16.com\/portal\/?p=70398"},"modified":"2023-10-17T11:36:47","modified_gmt":"2023-10-17T14:36:47","slug":"boletim-de-ocorrencias-defesa-civil-de-petropolis-contabiliza-09-registros-de-ocorrencias-em-funcao-das-chuvas-da-madrugada-desta-terca-feira","status":"publish","type":"post","link":"https:\/\/tvc16.com\/portal\/2023\/10\/17\/boletim-de-ocorrencias-defesa-civil-de-petropolis-contabiliza-09-registros-de-ocorrencias-em-funcao-das-chuvas-da-madrugada-desta-terca-feira\/","title":{"rendered":"Boletim de ocorr\u00eancias: Defesa Civil de Petr\u00f3polis contabiliza 09 registros de ocorr\u00eancias em fun\u00e7\u00e3o das chuvas da madrugada desta ter\u00e7a-feira"},"content":{"rendered":"\n<p>A Defesa Civil do munic\u00edpio contabilizou 09 registros de ocorr\u00eancias por conta das chuvas da \u00faltima madrugada at\u00e9 \u00e0s 11h30 desta ter\u00e7a-feira (17\/10), quando \u00e1reas de instabilidade associadas \u00e0 aproxima\u00e7\u00e3o de uma frente fria no oceano influenciaram o tempo em Petr\u00f3polis, contudo n\u00e3o havia previs\u00e3o de chuva para a cidade.<\/p>\n\n\n\n<p>Todas as ocorr\u00eancias registradas foram sem gravidade e n\u00e3o houve v\u00edtimas. Confira o balan\u00e7o atualizado dos registros de ocorr\u00eancias em fun\u00e7\u00e3o das chuvas em Petr\u00f3polis:<\/p>\n\n\n\n<ul class=\"wp-block-list\">\n<li>01 registro de ocorr\u00eancia de alagamento atingindo o im\u00f3vel &#8211; Bairro: Quissam\u00e3<\/li>\n\n\n\n<li>02 registros de ocorr\u00eancia de queda de \u00e1rvore atingindo constru\u00e7\u00f5es &#8211; Bairros: Bingen e Carangola<\/li>\n\n\n\n<li>02 registros de ocorr\u00eancia de avalia\u00e7\u00e3o de risco estrutural &#8211; Bairro: Mosela<\/li>\n\n\n\n<li>03 registros de ocorr\u00eancia de risco de queda de \u00e1rvore &#8211; Bairros: Independ\u00eancia, Mosela e Quarteir\u00e3o Ingelhein<\/li>\n\n\n\n<li>01 registro de ocorr\u00eancia de afundamento de via- Bairro: Caxambu<\/li>\n<\/ul>\n\n\n\n<p>A Defesa Civil refor\u00e7a que no in\u00edcio da manh\u00e3 desta ter\u00e7a-feira (17) foram realizadas rondas preventivas percorrendo as seguintes localidades:<\/p>\n\n\n\n<ul class=\"wp-block-list\">\n<li>Centro<\/li>\n\n\n\n<li>Rua Coronel Veiga<\/li>\n\n\n\n<li>S\u00e3o Sebasti\u00e3o<\/li>\n\n\n\n<li>Sim\u00e9ria<\/li>\n\n\n\n<li>Vital Brasil<\/li>\n\n\n\n<li>Olga Castrioto<\/li>\n\n\n\n<li>Quitandinha<\/li>\n\n\n\n<li>Cond D&#8217;eu<\/li>\n\n\n\n<li>Valpara\u00edso,<\/li>\n\n\n\n<li>Thouzet<\/li>\n\n\n\n<li>Alto da Serra<\/li>\n\n\n\n<li>Ch\u00e1cara Flora<\/li>\n\n\n\n<li>Vila Felipe<\/li>\n\n\n\n<li>24 de Maio<\/li>\n\n\n\n<li>Ferrovi\u00e1rios<\/li>\n\n\n\n<li>Duchas<\/li>\n\n\n\n<li>Bingen<\/li>\n\n\n\n<li>Mosela<\/li>\n<\/ul>\n\n\n\n<p>Est\u00e1gio Operacional:<br>Observa\u00e7\u00e3o<\/p>\n\n\n\n<p>Maiores acumulados pluviom\u00e9tricos nas \u00faltimas 24h:<\/p>\n\n\n\n<ul class=\"wp-block-list\">\n<li>Bingen: 81,4 mm (INEA)<\/li>\n\n\n\n<li>Morin: 65,0 mm (CEMADEN BR)<\/li>\n\n\n\n<li>Bar\u00e3o do Rio Branco: 63,5 mm (INEA)<\/li>\n\n\n\n<li>Bingen &#8211; Geo: 60,6 mm (CEMADEN BR)<\/li>\n\n\n\n<li>Centro: 59,6 mm (INEA)<\/li>\n<\/ul>\n\n\n\n<p>Condi\u00e7\u00e3o para as pr\u00f3ximas horas:<br>Previs\u00e3o de c\u00e9u parcialmente nublado a nublado e pancadas de chuva a partir da tarde, podendo vir acompanhadas de rajadas de vento.<\/p>\n\n\n\n<p>Situa\u00e7\u00e3o atual:<br>C\u00e9u parcialmente nublado e sem chuva.<\/p>\n\n\n\n<p>Recomenda\u00e7\u00f5es:<br>A Defesa Civil refor\u00e7a que a popula\u00e7\u00e3o das \u00e1reas de risco se mantenha em alerta, e principalmente, que n\u00e3o permane\u00e7a em \u00e1reas interditadas. Evite \u00e1reas alagadas e fique atento aos sinais de deslizamentos. Em caso de emerg\u00eancia, ligue 199.<\/p>\n","protected":false},"excerpt":{"rendered":"<p>A Defesa Civil do munic\u00edpio contabilizou 09 registros de ocorr\u00eancias por conta das chuvas da<\/p>\n","protected":false},"author":2,"featured_media":70401,"comment_status":"open","ping_status":"open","sticky":false,"template":"","format":"standard","meta":{"footnotes":""},"categories":[12],"tags":[],"class_list":["post-70398","post","type-post","status-publish","format-standard","has-post-thumbnail","hentry","category-cidade"],"_links":{"self":[{"href":"https:\/\/tvc16.com\/portal\/wp-json\/wp\/v2\/posts\/70398","targetHints":{"allow":["GET"]}}],"collection":[{"href":"https:\/\/tvc16.com\/portal\/wp-json\/wp\/v2\/posts"}],"about":[{"href":"https:\/\/tvc16.com\/portal\/wp-json\/wp\/v2\/types\/post"}],"author":[{"embeddable":true,"href":"https:\/\/tvc16.com\/portal\/wp-json\/wp\/v2\/users\/2"}],"replies":[{"embeddable":true,"href":"https:\/\/tvc16.com\/portal\/wp-json\/wp\/v2\/comments?post=70398"}],"version-history":[{"count":1,"href":"https:\/\/tvc16.com\/portal\/wp-json\/wp\/v2\/posts\/70398\/revisions"}],"predecessor-version":[{"id":70400,"href":"https:\/\/tvc16.com\/portal\/wp-json\/wp\/v2\/posts\/70398\/revisions\/70400"}],"wp:featuredmedia":[{"embeddable":true,"href":"https:\/\/tvc16.com\/portal\/wp-json\/wp\/v2\/media\/70401"}],"wp:attachment":[{"href":"https:\/\/tvc16.com\/portal\/wp-json\/wp\/v2\/media?parent=70398"}],"wp:term":[{"taxonomy":"category","embeddable":true,"href":"https:\/\/tvc16.com\/portal\/wp-json\/wp\/v2\/categories?post=70398"},{"taxonomy":"post_tag","embeddable":true,"href":"https:\/\/tvc16.com\/portal\/wp-json\/wp\/v2\/tags?post=70398"}],"curies":[{"name":"wp","href":"https:\/\/api.w.org\/{rel}","templated":true}]}}