{"id":70403,"date":"2023-10-18T09:28:59","date_gmt":"2023-10-18T12:28:59","guid":{"rendered":"https:\/\/tvc16.com\/portal\/?p=70403"},"modified":"2023-10-18T09:29:00","modified_gmt":"2023-10-18T12:29:00","slug":"operacao-sucata-mira-grupo-de-empresarios-no-rio-de-janeiro-e-em-duque-de-caxias","status":"publish","type":"post","link":"https:\/\/tvc16.com\/portal\/2023\/10\/18\/operacao-sucata-mira-grupo-de-empresarios-no-rio-de-janeiro-e-em-duque-de-caxias\/","title":{"rendered":"Opera\u00e7\u00e3o Sucata mira grupo de empres\u00e1rios no Rio de Janeiro e em Duque de Caxias"},"content":{"rendered":"\n<p>Na manh\u00e3 desta quarta-feira (18), a Pol\u00edcia Federal deflagrou a Opera\u00e7\u00e3o Sucata, em conjunto com a Receita Federal, tendo como alvo um grupo empresarial que deve mais de R$ 5 bilh\u00f5es em tributos \u00e0 Uni\u00e3o.<\/p>\n\n\n\n<p>Na a\u00e7\u00e3o desta quarta-feira, 58 policiais federais e 18 servidores da Receita Federal cumprem 10 mandados de busca e apreens\u00e3o, expedidos pela 2\u00aa Vara Federal Criminal do Rio de Janeiro, em endere\u00e7os localizados nos bairros de Campo Grande e Barra da Tijuca, al\u00e9m do munic\u00edpio de Duque de Caxias\/RJ.<\/p>\n\n\n\n<figure class=\"wp-block-image size-large\"><img loading=\"lazy\" decoding=\"async\" width=\"1024\" height=\"791\" src=\"https:\/\/tvc16.com\/portal\/wp-content\/uploads\/2023\/10\/Operacao-Sucata-Lancha-apreendida-1024x791.jpeg\" alt=\"\" class=\"wp-image-70405\" srcset=\"https:\/\/tvc16.com\/portal\/wp-content\/uploads\/2023\/10\/Operacao-Sucata-Lancha-apreendida-1024x791.jpeg 1024w, https:\/\/tvc16.com\/portal\/wp-content\/uploads\/2023\/10\/Operacao-Sucata-Lancha-apreendida-300x232.jpeg 300w, https:\/\/tvc16.com\/portal\/wp-content\/uploads\/2023\/10\/Operacao-Sucata-Lancha-apreendida-768x593.jpeg 768w, https:\/\/tvc16.com\/portal\/wp-content\/uploads\/2023\/10\/Operacao-Sucata-Lancha-apreendida.jpeg 1080w\" sizes=\"auto, (max-width: 1024px) 100vw, 1024px\" \/><figcaption class=\"wp-element-caption\"><em>Opera\u00e7\u00e3o Sucata &#8211; Lancha apreendida<\/em><\/figcaption><\/figure>\n\n\n\n<p>A opera\u00e7\u00e3o teve origem em not\u00edcia-crime encaminhada pela Receita Federal, a qual apontou que o grupo de empres\u00e1rios criou mais de 50 empresas &#8211; a maioria delas \u201cfantasma\u201d &#8211; para burlar o pagamento de impostos. Eles ainda utilizavam \u201claranjas\u201d para n\u00e3o serem responsabilizados pelas d\u00edvidas tribut\u00e1rias.<\/p>\n\n\n\n<p>Simultaneamente \u00e0 deflagra\u00e7\u00e3o, uma decis\u00e3o judicial obtida pela Procuradoria-Geral da Fazenda Nacional determinou o bloqueio de todos os bens do grupo empresarial para assegurar o pagamento da d\u00edvida tribut\u00e1ria. Entre os bens que ser\u00e3o indisponibilizados legalmente, constam mais de 40 im\u00f3veis, avaliados em cerca de R$ 38 milh\u00f5es; mais de 120 ve\u00edculos, incluindo carros de luxo; um iate avaliado em R$ 14 milh\u00f5es; e dinheiro depositado em contas banc\u00e1rias pertencentes aos envolvidos, ainda a ser quantificado.<\/p>\n\n\n\n<figure class=\"wp-block-image size-large\"><img loading=\"lazy\" decoding=\"async\" width=\"768\" height=\"1024\" src=\"https:\/\/tvc16.com\/portal\/wp-content\/uploads\/2023\/10\/Operacao-Sucata-veiculo-importado-apreendido-768x1024.jpeg\" alt=\"\" class=\"wp-image-70406\" srcset=\"https:\/\/tvc16.com\/portal\/wp-content\/uploads\/2023\/10\/Operacao-Sucata-veiculo-importado-apreendido-768x1024.jpeg 768w, https:\/\/tvc16.com\/portal\/wp-content\/uploads\/2023\/10\/Operacao-Sucata-veiculo-importado-apreendido-225x300.jpeg 225w, https:\/\/tvc16.com\/portal\/wp-content\/uploads\/2023\/10\/Operacao-Sucata-veiculo-importado-apreendido.jpeg 1080w\" sizes=\"auto, (max-width: 768px) 100vw, 768px\" \/><figcaption class=\"wp-element-caption\"><em>Opera\u00e7\u00e3o Sucata &#8211; Ve\u00edculo importado apreendido<\/em><\/figcaption><\/figure>\n\n\n\n<p>Os alvos da opera\u00e7\u00e3o s\u00e3o acusados de cometer os crimes de sonega\u00e7\u00e3o de impostos, associa\u00e7\u00e3o criminosa, estelionato e lavagem de dinheiro, cujas penas m\u00e1ximas somam 23 anos de reclus\u00e3o.<\/p>\n\n\n\n<p>O nome da opera\u00e7\u00e3o faz refer\u00eancia \u00e0 atua\u00e7\u00e3o do grupo empresarial, que produz insumos para a ind\u00fastria a partir da reciclagem de sucata (alum\u00ednio e outros metais).<\/p>\n\n\n\n<p><em>Comunica\u00e7\u00e3o Social da Pol\u00edcia Federal no Rio de Janeiro<\/em><\/p>\n","protected":false},"excerpt":{"rendered":"<p>Na manh\u00e3 desta quarta-feira (18), a Pol\u00edcia Federal deflagrou a Opera\u00e7\u00e3o Sucata, em conjunto com<\/p>\n","protected":false},"author":2,"featured_media":70404,"comment_status":"open","ping_status":"open","sticky":false,"template":"","format":"standard","meta":{"footnotes":""},"categories":[17],"tags":[],"class_list":["post-70403","post","type-post","status-publish","format-standard","has-post-thumbnail","hentry","category-outras-noticias"],"_links":{"self":[{"href":"https:\/\/tvc16.com\/portal\/wp-json\/wp\/v2\/posts\/70403","targetHints":{"allow":["GET"]}}],"collection":[{"href":"https:\/\/tvc16.com\/portal\/wp-json\/wp\/v2\/posts"}],"about":[{"href":"https:\/\/tvc16.com\/portal\/wp-json\/wp\/v2\/types\/post"}],"author":[{"embeddable":true,"href":"https:\/\/tvc16.com\/portal\/wp-json\/wp\/v2\/users\/2"}],"replies":[{"embeddable":true,"href":"https:\/\/tvc16.com\/portal\/wp-json\/wp\/v2\/comments?post=70403"}],"version-history":[{"count":1,"href":"https:\/\/tvc16.com\/portal\/wp-json\/wp\/v2\/posts\/70403\/revisions"}],"predecessor-version":[{"id":70407,"href":"https:\/\/tvc16.com\/portal\/wp-json\/wp\/v2\/posts\/70403\/revisions\/70407"}],"wp:featuredmedia":[{"embeddable":true,"href":"https:\/\/tvc16.com\/portal\/wp-json\/wp\/v2\/media\/70404"}],"wp:attachment":[{"href":"https:\/\/tvc16.com\/portal\/wp-json\/wp\/v2\/media?parent=70403"}],"wp:term":[{"taxonomy":"category","embeddable":true,"href":"https:\/\/tvc16.com\/portal\/wp-json\/wp\/v2\/categories?post=70403"},{"taxonomy":"post_tag","embeddable":true,"href":"https:\/\/tvc16.com\/portal\/wp-json\/wp\/v2\/tags?post=70403"}],"curies":[{"name":"wp","href":"https:\/\/api.w.org\/{rel}","templated":true}]}}