{"id":7041,"date":"2020-11-30T17:41:13","date_gmt":"2020-11-30T20:41:13","guid":{"rendered":"https:\/\/tvc16.com\/portal\/?p=7041"},"modified":"2020-11-30T17:41:15","modified_gmt":"2020-11-30T20:41:15","slug":"rio-tem-93-das-utis-para-covid-ocupadas-no-sus","status":"publish","type":"post","link":"https:\/\/tvc16.com\/portal\/2020\/11\/30\/rio-tem-93-das-utis-para-covid-ocupadas-no-sus\/","title":{"rendered":"Rio tem 93% das UTIs para covid ocupadas no SUS"},"content":{"rendered":"\n<h3 class=\"wp-block-heading\">Sobe para 540 o n\u00famero de pessoas internadas em UTIs na capital do Rio<\/h3>\n\n\n\n<h4 class=\"wp-block-heading\">Por Vin\u00edcius Lisboa &#8211; Rep\u00f3rter da Ag\u00eancia Brasil &#8211; Rio de Janeiro<\/h4>\n\n\n\n<p>Ap\u00f3s chegar a 95% no fim de semana, a taxa de ocupa\u00e7\u00e3o dos leitos de unidade de terapia intensiva (UTI) para covid-19 no Rio&nbsp;de Janeiro&nbsp;caiu para 93%&nbsp;hoje&nbsp;(30), segundo balan\u00e7o da Secretaria Municipal de Sa\u00fade (SMS), que ampliou o n\u00famero de leitos em sua rede, de 271 para 288.&nbsp;<img decoding=\"async\" src=\"https:\/\/agenciabrasil.ebc.com.br\/ebc.png?id=1395070&amp;o=node\"><img decoding=\"async\" src=\"https:\/\/agenciabrasil.ebc.com.br\/ebc.gif?id=1395070&amp;o=node\"><\/p>\n\n\n\n<p>Apesar da queda no percentual de ocupa\u00e7\u00e3o, o n\u00famero de pessoas internadas em unidades municipais, estaduais e federais na capital fluminense continuou a aumentar e subiu de 525 no&nbsp;s\u00e1bado&nbsp;para 540 na manh\u00e3 de&nbsp;hoje.&nbsp;Em rela\u00e7\u00e3o ao in\u00edcio do m\u00eas, houve um aumento de mais de 40% no n\u00famero de pessoas internadas em UTIs para covid-19, que era de 378 em&nbsp;3 de novembro.<\/p>\n\n\n\n<p>No fim da manh\u00e3 de&nbsp;hoje, o n\u00famero de pessoas que aguardavam transfer\u00eancia para leitos na capital e na Baixada Fluminense era de 263, e 173 precisavam de leitos de UTI. Segundo a SMS, todos os pacientes que aguardam vagas de terapia intensiva est\u00e3o sendo assistidos em leitos de unidades pr\u00e9-hospitalares, que disp\u00f5em de monitores e respiradores.&nbsp;<\/p>\n\n\n\n<p>A taxa de ocupa\u00e7\u00e3o das UTIs na rede estadual, considerando tamb\u00e9m toda a&nbsp;regi\u00e3o metropolitana e o interior, era de 80% na manh\u00e3 de&nbsp;hoje, de acordo com a Secretaria de Estado de Sa\u00fade.&nbsp;A n\u00edvel estadual, 364 pessoas com casos confirmados ou suspeitos de covid-19 aguardam transfer\u00eancia para leitos de interna\u00e7\u00e3o, e 231 deles precisam de vagas de UTIs.&nbsp;&nbsp;<\/p>\n\n\n\n<p>A taxa de ocupa\u00e7\u00e3o dos leitos de enfermaria \u00e9 de 72% na capital e de 62% no estado do Rio&nbsp;de Janeiro.&nbsp;<\/p>\n\n\n\n<p>Edi\u00e7\u00e3o: Liliane Farias<\/p>\n","protected":false},"excerpt":{"rendered":"<p>Sobe para 540 o n\u00famero de pessoas internadas em UTIs na capital do Rio Por<\/p>\n","protected":false},"author":2,"featured_media":7042,"comment_status":"open","ping_status":"open","sticky":false,"template":"","format":"standard","meta":{"footnotes":""},"categories":[13],"tags":[],"class_list":["post-7041","post","type-post","status-publish","format-standard","has-post-thumbnail","hentry","category-saude"],"_links":{"self":[{"href":"https:\/\/tvc16.com\/portal\/wp-json\/wp\/v2\/posts\/7041","targetHints":{"allow":["GET"]}}],"collection":[{"href":"https:\/\/tvc16.com\/portal\/wp-json\/wp\/v2\/posts"}],"about":[{"href":"https:\/\/tvc16.com\/portal\/wp-json\/wp\/v2\/types\/post"}],"author":[{"embeddable":true,"href":"https:\/\/tvc16.com\/portal\/wp-json\/wp\/v2\/users\/2"}],"replies":[{"embeddable":true,"href":"https:\/\/tvc16.com\/portal\/wp-json\/wp\/v2\/comments?post=7041"}],"version-history":[{"count":1,"href":"https:\/\/tvc16.com\/portal\/wp-json\/wp\/v2\/posts\/7041\/revisions"}],"predecessor-version":[{"id":7043,"href":"https:\/\/tvc16.com\/portal\/wp-json\/wp\/v2\/posts\/7041\/revisions\/7043"}],"wp:featuredmedia":[{"embeddable":true,"href":"https:\/\/tvc16.com\/portal\/wp-json\/wp\/v2\/media\/7042"}],"wp:attachment":[{"href":"https:\/\/tvc16.com\/portal\/wp-json\/wp\/v2\/media?parent=7041"}],"wp:term":[{"taxonomy":"category","embeddable":true,"href":"https:\/\/tvc16.com\/portal\/wp-json\/wp\/v2\/categories?post=7041"},{"taxonomy":"post_tag","embeddable":true,"href":"https:\/\/tvc16.com\/portal\/wp-json\/wp\/v2\/tags?post=7041"}],"curies":[{"name":"wp","href":"https:\/\/api.w.org\/{rel}","templated":true}]}}