{"id":70411,"date":"2023-10-18T10:04:40","date_gmt":"2023-10-18T13:04:40","guid":{"rendered":"https:\/\/tvc16.com\/portal\/?p=70411"},"modified":"2023-10-18T10:04:40","modified_gmt":"2023-10-18T13:04:40","slug":"junta-comercial-do-estado-do-rio-de-janeiro-lanca-servico-para-garantir-seguranca-de-dados-pessoais-de-empresarios","status":"publish","type":"post","link":"https:\/\/tvc16.com\/portal\/2023\/10\/18\/junta-comercial-do-estado-do-rio-de-janeiro-lanca-servico-para-garantir-seguranca-de-dados-pessoais-de-empresarios\/","title":{"rendered":"Junta Comercial do Estado do Rio de Janeiro lan\u00e7a servi\u00e7o para garantir seguran\u00e7a de dados pessoais de empres\u00e1rios"},"content":{"rendered":"\n<p>A Junta Comercial do Estado do Rio de Janeiro (Jucerja) est\u00e1 lan\u00e7ando mais um importante servi\u00e7o, desta vez para garantir a seguran\u00e7a de dados pessoais dos empres\u00e1rios fluminenses: a prote\u00e7\u00e3o de CPF, que tem o objetivo de prevenir golpes e fraudes contra cidad\u00e3os, em rela\u00e7\u00e3o ao seu cadastro de pessoa f\u00edsica, impedindo que as informa\u00e7\u00f5es sejam utilizadas por terceiros.<\/p>\n\n\n\n<p>\u2013 Desde o in\u00edcio de nossa gest\u00e3o, assumimos o compromisso de melhorar o ambiente de neg\u00f3cios no estado e mant\u00ea-lo atraente para novos investimentos, o que tem resultado na atra\u00e7\u00e3o de empresas e contribu\u00eddo para o avan\u00e7o da empregabilidade no Rio de Janeiro. Agora, a Jucerja, com mais esse servi\u00e7o moderno, vai garantir ainda mais seguran\u00e7a aos empres\u00e1rios fluminenses \u2013 declarou o governador Cl\u00e1udio Castro.<\/p>\n\n\n\n<p>O servi\u00e7o impossibilita que o usu\u00e1rio tenha seu CPF usado em qualquer tipo de abertura de empresa ou altera\u00e7\u00e3o contratual na Jucerja, desde que o respectivo CPF esteja no quadro societ\u00e1rio da empresa e\/ou como assinante, representante, advogado ou contador na autarquia.<\/p>\n\n\n\n<p>O bloqueio do CPF \u00e9 feito atrav\u00e9s do portal da Junta Comercial (www.jucerja.rj.gov.br). Para isso, o usu\u00e1rio precisa fazer o login no site com sua conta GOV.BR e, em seguida, assinar um plano que poder\u00e1 ser mensal, trimestral, semestral ou anual. Durante o per\u00edodo contratado, o usu\u00e1rio poder\u00e1 bloquear e desbloquear o seu CPF quantas vezes quiser, sem custos extras.<\/p>\n\n\n\n<p>\u2013 A prote\u00e7\u00e3o de dados \u00e9 uma necessidade na atualidade e a possibilidade de bloquear a utiliza\u00e7\u00e3o do CPF para a realiza\u00e7\u00e3o de abertura de empresas ou altera\u00e7\u00f5es contratuais na autarquia ir\u00e1 prevenir fraudes e golpes \u2013 explicou o presidente da Jucerja, Sergio Romay.<\/p>\n\n\n\n<p><em>N\u00facleo de Comunica\u00e7\u00e3o do Estado do Rio de Janeiro<\/em><\/p>\n","protected":false},"excerpt":{"rendered":"<p>A Junta Comercial do Estado do Rio de Janeiro (Jucerja) est\u00e1 lan\u00e7ando mais um importante<\/p>\n","protected":false},"author":2,"featured_media":69377,"comment_status":"open","ping_status":"open","sticky":false,"template":"","format":"standard","meta":{"footnotes":""},"categories":[17],"tags":[],"class_list":["post-70411","post","type-post","status-publish","format-standard","has-post-thumbnail","hentry","category-outras-noticias"],"_links":{"self":[{"href":"https:\/\/tvc16.com\/portal\/wp-json\/wp\/v2\/posts\/70411","targetHints":{"allow":["GET"]}}],"collection":[{"href":"https:\/\/tvc16.com\/portal\/wp-json\/wp\/v2\/posts"}],"about":[{"href":"https:\/\/tvc16.com\/portal\/wp-json\/wp\/v2\/types\/post"}],"author":[{"embeddable":true,"href":"https:\/\/tvc16.com\/portal\/wp-json\/wp\/v2\/users\/2"}],"replies":[{"embeddable":true,"href":"https:\/\/tvc16.com\/portal\/wp-json\/wp\/v2\/comments?post=70411"}],"version-history":[{"count":1,"href":"https:\/\/tvc16.com\/portal\/wp-json\/wp\/v2\/posts\/70411\/revisions"}],"predecessor-version":[{"id":70412,"href":"https:\/\/tvc16.com\/portal\/wp-json\/wp\/v2\/posts\/70411\/revisions\/70412"}],"wp:featuredmedia":[{"embeddable":true,"href":"https:\/\/tvc16.com\/portal\/wp-json\/wp\/v2\/media\/69377"}],"wp:attachment":[{"href":"https:\/\/tvc16.com\/portal\/wp-json\/wp\/v2\/media?parent=70411"}],"wp:term":[{"taxonomy":"category","embeddable":true,"href":"https:\/\/tvc16.com\/portal\/wp-json\/wp\/v2\/categories?post=70411"},{"taxonomy":"post_tag","embeddable":true,"href":"https:\/\/tvc16.com\/portal\/wp-json\/wp\/v2\/tags?post=70411"}],"curies":[{"name":"wp","href":"https:\/\/api.w.org\/{rel}","templated":true}]}}