{"id":70413,"date":"2023-10-18T10:11:47","date_gmt":"2023-10-18T13:11:47","guid":{"rendered":"https:\/\/tvc16.com\/portal\/?p=70413"},"modified":"2023-10-18T10:11:47","modified_gmt":"2023-10-18T13:11:47","slug":"inscricoes-para-editais-de-cultura-foram-prorrogadas-ate-o-dia-3-de-novembro","status":"publish","type":"post","link":"https:\/\/tvc16.com\/portal\/2023\/10\/18\/inscricoes-para-editais-de-cultura-foram-prorrogadas-ate-o-dia-3-de-novembro\/","title":{"rendered":"Inscri\u00e7\u00f5es para editais de cultura foram prorrogadas at\u00e9 o dia 3 de novembro"},"content":{"rendered":"\n<p>Os interessados em participar dos editais culturais t\u00eam at\u00e9 o dia 3 de novembro para fazerem as inscri\u00e7\u00f5es. Os cadastros devem ser feitos no site: petropolis.rj.gov.br. Os editais s\u00e3o do Fundo Municipal de Cultura (FunCultura) e promovidos por meio do Instituto Municipal de Cultura (IMC).<\/p>\n\n\n\n<p>\u201cDecidimos pela prorroga\u00e7\u00e3o com o objetivo de ampliar e democratizar a participa\u00e7\u00e3o dos produtores culturais da cidade. Estamos levando oficinas para elabora\u00e7\u00e3o de projetos para todos os bairros que quiserem, basta apenas entrar em contato com o IMC\u201d, disse a presidente do Instituto Municipal de Cultura, Diana Iliescu. O e-mail para contato \u00e9: leipaulogustavo@petropolis.rj.gov.br.<\/p>\n\n\n\n<p>S\u00e3o quatro editais com as inscri\u00e7\u00f5es at\u00e9 o dia 3 de novembro. S\u00e3o eles: de produ\u00e7\u00f5es audiovisuais, de produ\u00e7\u00f5es audiovisuais pessoa f\u00edsica, de produ\u00e7\u00f5es culturais e do Edital Alan Sask. Tamb\u00e9m foram prorrogadas as inscri\u00e7\u00f5es para o Edital de Pareceristas de Audiovisual, que vai at\u00e9 o dia 23 de outubro. Tamb\u00e9m pelo site da Prefeitura.<\/p>\n\n\n\n<p>O Governo Federal vai disponibilizar para Petr\u00f3polis, por meio dos editais da Lei Paulo Gustavo: R$2,3 milh\u00e3o. Poder\u00e3o se inscrever agentes culturais pessoa jur\u00eddica, que morem e atuem em Petr\u00f3polis por pelo menos dois anos.<\/p>\n","protected":false},"excerpt":{"rendered":"<p>Os interessados em participar dos editais culturais t\u00eam at\u00e9 o dia 3 de novembro para<\/p>\n","protected":false},"author":2,"featured_media":14476,"comment_status":"open","ping_status":"open","sticky":false,"template":"","format":"standard","meta":{"footnotes":""},"categories":[12],"tags":[],"class_list":["post-70413","post","type-post","status-publish","format-standard","has-post-thumbnail","hentry","category-cidade"],"_links":{"self":[{"href":"https:\/\/tvc16.com\/portal\/wp-json\/wp\/v2\/posts\/70413","targetHints":{"allow":["GET"]}}],"collection":[{"href":"https:\/\/tvc16.com\/portal\/wp-json\/wp\/v2\/posts"}],"about":[{"href":"https:\/\/tvc16.com\/portal\/wp-json\/wp\/v2\/types\/post"}],"author":[{"embeddable":true,"href":"https:\/\/tvc16.com\/portal\/wp-json\/wp\/v2\/users\/2"}],"replies":[{"embeddable":true,"href":"https:\/\/tvc16.com\/portal\/wp-json\/wp\/v2\/comments?post=70413"}],"version-history":[{"count":1,"href":"https:\/\/tvc16.com\/portal\/wp-json\/wp\/v2\/posts\/70413\/revisions"}],"predecessor-version":[{"id":70414,"href":"https:\/\/tvc16.com\/portal\/wp-json\/wp\/v2\/posts\/70413\/revisions\/70414"}],"wp:featuredmedia":[{"embeddable":true,"href":"https:\/\/tvc16.com\/portal\/wp-json\/wp\/v2\/media\/14476"}],"wp:attachment":[{"href":"https:\/\/tvc16.com\/portal\/wp-json\/wp\/v2\/media?parent=70413"}],"wp:term":[{"taxonomy":"category","embeddable":true,"href":"https:\/\/tvc16.com\/portal\/wp-json\/wp\/v2\/categories?post=70413"},{"taxonomy":"post_tag","embeddable":true,"href":"https:\/\/tvc16.com\/portal\/wp-json\/wp\/v2\/tags?post=70413"}],"curies":[{"name":"wp","href":"https:\/\/api.w.org\/{rel}","templated":true}]}}