{"id":70415,"date":"2023-10-18T10:34:59","date_gmt":"2023-10-18T13:34:59","guid":{"rendered":"https:\/\/tvc16.com\/portal\/?p=70415"},"modified":"2023-10-18T10:35:00","modified_gmt":"2023-10-18T13:35:00","slug":"despreparo-de-petropolis-fica-evidente-apos-as-ocorrencias-de-chuva-na-madrugada-de-terca-feira","status":"publish","type":"post","link":"https:\/\/tvc16.com\/portal\/2023\/10\/18\/despreparo-de-petropolis-fica-evidente-apos-as-ocorrencias-de-chuva-na-madrugada-de-terca-feira\/","title":{"rendered":"Despreparo de Petr\u00f3polis fica evidente ap\u00f3s as ocorr\u00eancias de chuva na madrugada de ter\u00e7a-feira"},"content":{"rendered":"\n<p><em>Primeiro alerta de chuva enviado pelo \u00f3rg\u00e3o foi \u00e0s 04h27 de ter\u00e7a-feira (17), quando j\u00e1 estava chovendo<\/em><\/p>\n\n\n\n<p><em>Gabriel Faxola<\/em><\/p>\n\n\n\n<p>Trovoadas, ventos intensos e muita chuva, essa foi a madrugada de ter\u00e7a-feira (17), em Petr\u00f3polis. Segundo a Defesa Civil, nove ocorr\u00eancias foram registradas, e n\u00e3o houve v\u00edtimas. Entre elas est\u00e3o: um alagamento no Quissam\u00e3; quedas de \u00e1rvore no Bingen e Carangola; riscos de queda de \u00e1rvore no Independ\u00eancia, Mosela e Quarteir\u00e3o Ingelhein; uma ocorr\u00eancia de afundamento no Caxambu; e duas avalia\u00e7\u00f5es de risco estrutural, na Mosela. Os maiores acumulados pluviom\u00e9tricos em 24h foram registrados no Bingen, 81,4 mm.<\/p>\n\n\n\n<figure class=\"wp-block-image size-large\"><img loading=\"lazy\" decoding=\"async\" width=\"912\" height=\"1024\" src=\"https:\/\/tvc16.com\/portal\/wp-content\/uploads\/2023\/10\/Bingen-912x1024.jpeg\" alt=\"\" class=\"wp-image-70417\" srcset=\"https:\/\/tvc16.com\/portal\/wp-content\/uploads\/2023\/10\/Bingen-912x1024.jpeg 912w, https:\/\/tvc16.com\/portal\/wp-content\/uploads\/2023\/10\/Bingen-267x300.jpeg 267w, https:\/\/tvc16.com\/portal\/wp-content\/uploads\/2023\/10\/Bingen-768x862.jpeg 768w, https:\/\/tvc16.com\/portal\/wp-content\/uploads\/2023\/10\/Bingen-1368x1536.jpeg 1368w, https:\/\/tvc16.com\/portal\/wp-content\/uploads\/2023\/10\/Bingen.jpeg 1425w\" sizes=\"auto, (max-width: 912px) 100vw, 912px\" \/><\/figure>\n\n\n\n<p>Enquanto as primeiras gotas come\u00e7aram a cair na madrugada, os moradores se viram desprevenidos. A Defesa Civil s\u00f3 emitiu um alerta \u00e0s 04h27, quando a chuva j\u00e1 causava transtornos e riscos inunda\u00e7\u00f5es na cidade. Segundo o \u00f3rg\u00e3o, n\u00e3o havia previs\u00e3o de chuva. Mas na segunda-feira (16), o Instituto Nacional de Meteorologia (Inmet) havia emitido alertas sobre a previs\u00e3o de chuva, com avisos de tempestade, contrariando as afirma\u00e7\u00f5es da Defesa Civil de Petr\u00f3polis que alegava n\u00e3o haver risco de precipita\u00e7\u00e3o.<\/p>\n\n\n\n<p>Na Rua Mosela, os moradores ficaram assustados ap\u00f3s parte do muro do dep\u00f3sito da Companhia de Desenvolvimento de Petr\u00f3polis (Comdep), ceder durante as chuvas de ter\u00e7a-feira (17). Segundo o vereador Domingos Galante, as dragagens realizadas nos rios da regi\u00e3o comprometeram a estrutura de im\u00f3veis da localidade. \u201cNo domingo, o muro da casa do morador que tem uma casa do outro lado do rio caiu por conta da dragagem mal feita, a profundidade foi grande e n\u00e3o houve escoramento. J\u00e1 cobramos as obras de conten\u00e7\u00e3o h\u00e1 meses, e infelizmente isso n\u00e3o aconteceu. Recebemos mensagens de moradores informando estar preocupados porque h\u00e1 relatos de outras localidades que tamb\u00e9m passaram pelo servi\u00e7o de dragagem e aparentam estar comprometidos\u201d, explicou Galante.<\/p>\n\n\n\n<p>O vereador Eduardo do Blog tamb\u00e9m tem cobrado a\u00e7\u00f5es efetivas por parte do governo municipal. \u201cA falta de a\u00e7\u00f5es de preven\u00e7\u00e3o e obras estruturais marcaram mais um dia de chuva do munic\u00edpio. At\u00e9 hoje, o governo do prefeito Rubens Bomtempo fez muito pouco para melhorar a vida da popula\u00e7\u00e3o que est\u00e1 sofrendo e com medo\u201d, disse o vereador.<\/p>\n\n\n\n<figure class=\"wp-block-image size-large\"><img loading=\"lazy\" decoding=\"async\" width=\"576\" height=\"1024\" src=\"https:\/\/tvc16.com\/portal\/wp-content\/uploads\/2023\/10\/Centro-576x1024.jpeg\" alt=\"\" class=\"wp-image-70418\" srcset=\"https:\/\/tvc16.com\/portal\/wp-content\/uploads\/2023\/10\/Centro-576x1024.jpeg 576w, https:\/\/tvc16.com\/portal\/wp-content\/uploads\/2023\/10\/Centro-169x300.jpeg 169w, https:\/\/tvc16.com\/portal\/wp-content\/uploads\/2023\/10\/Centro.jpeg 720w\" sizes=\"auto, (max-width: 576px) 100vw, 576px\" \/><\/figure>\n\n\n\n<p><strong>Audi\u00eancia P\u00fablica<\/strong><\/p>\n\n\n\n<p>No m\u00eas de setembro foi realizada uma audi\u00eancia p\u00fablica, na C\u00e2mara Municipal, junto ao senador Carlos Portinho e o secret\u00e1rio estadual Hugo Leal, com o objetivo de discutir com especialistas a import\u00e2ncia de adquirir um novo radar com tecnologias avan\u00e7adas. Mas, nenhum representante do governo municipal esteve presente. Segundo o vereador Hingo Hammes, o munic\u00edpio n\u00e3o possui equipamentos que possibilitem previs\u00f5es meteorol\u00f3gicas precisas, que envie alertas com anteced\u00eancia. \u201cUma das alternativas levantadas durante a audi\u00eancia foi a integra\u00e7\u00e3o de dados de radares existentes no entorno da cidade, que poderiam, em curto prazo, garantir informa\u00e7\u00f5es mais precisas \u00e0s autoridades municipais locais. Isso at\u00e9 a aquisi\u00e7\u00e3o do radar pr\u00f3prio. Ouvindo especialistas da Aeron\u00e1utica, da Universidade Federal do Rio de Janeiro (UFRJ), do Centro Nacional de Monitoramento e Alertas de Desastres Naturais (Cemaden) e tamb\u00e9m do Laborat\u00f3rio Nacional de Computa\u00e7\u00e3o Cient\u00edfica (LNCC) percebemos que, se os dados de todos os radares j\u00e1 existentes forem integrados, j\u00e1 teremos dado um grande passo. A partir da\u00ed poderemos trabalhar num retrato mais fiel \u00e0 realidade em rela\u00e7\u00e3o \u00e0s nossas demandas tanto de equipamentos quanto de intelig\u00eancia para an\u00e1lise dos dados\u201d, disse.<\/p>\n\n\n\n<p><strong>O sentimento de inseguran\u00e7a<\/strong><\/p>\n\n\n\n<p>Para os moradores de Petr\u00f3polis, a chuva de ter\u00e7a-feira (17) \u00e9 um lembrete da import\u00e2ncia de medidas de preven\u00e7\u00e3o e infraestrutura para que o munic\u00edpio n\u00e3o sofra mais uma vez com uma nova cat\u00e1strofe ambiental. Uma lojista que preferiu n\u00e3o se identificar e possui um quiosque na Rua Dezesseis de Mar\u00e7o diz se sentir insegura com as chuvas que est\u00e3o por vir. \u201cJ\u00e1 tive perdas durante as trag\u00e9dias em 2022, e acredito que falta seriedade por parte do Prefeitura de Petr\u00f3polis diante do problema, tendo em vista muitos pontos fr\u00e1geis ainda est\u00e3o em meio a destrui\u00e7\u00e3o que ocorreu ano passado\u201d, explicou ela.<\/p>\n\n\n\n<p>Monique Sales de Moura, moradora do Sargento Boening, teve a casa alagada com a chuva de 2022 e presenciou o desabamento das casas de vizinhos. Durante as fortes chuvas, que ocorreram na madrugada de ter\u00e7a-feira (17), ela relembrou os sentimentos de medo e inseguran\u00e7a que teve durante a trag\u00e9dia. \u201cNos sentimos vulner\u00e1veis diante desta situa\u00e7\u00e3o. As chuvas de ver\u00e3o est\u00e3o chegando mais uma vez e o governo n\u00e3o faz nada para nos ajudar e assegurar que estamos seguros\u201d, disse Monique Sales. Segundo a moradora, durante a chuva da madrugada de ter\u00e7a-feira (17), as sirenes de alerta da Defesa Civil n\u00e3o foram acionadas, o que a fez lembrar do dia da trag\u00e9dia onde o mesmo ocorreu.<\/p>\n\n\n\n<p><em>Resposta da Defesa Civil<\/em><br>Em nota, a Defesa Civil de Petr\u00f3polis informou que o alerta do Instituto Nacional de Meteorologia (Inmet) ao qual a reportagem se refere \u00e9 gen\u00e9rico sobre a Regi\u00e3o Sudeste e n\u00e3o trata do munic\u00edpio de Petr\u00f3polis em espec\u00edfico. N\u00e3o houve previs\u00e3o de chuva especificamente para Petr\u00f3polis.<\/p>\n\n\n\n<p>As equipes da Defesa Civil monitoram 24 horas por dia as condi\u00e7\u00f5es do tempo da cidade, e estavam de prontid\u00e3o no Cimop durante a madrugada. A Defesa Civil emitiu os alertas necess\u00e1rios de acordo com os protocolos estabelecidos. Foi assim, por exemplo, que procedeu ao fechamento da Rua Coronel Veiga, por meio das cancelas eletr\u00f4nicas &#8211; medida de prote\u00e7\u00e3o implantada pela atual gest\u00e3o. No caso do sistema de sirenes, eles n\u00e3o foram acionados porque n\u00e3o foram atingidos os \u00edndices para acionamento. O protocolo de acionamento est\u00e1 dispon\u00edvel no Plano de Conting\u00eancia, no site da Prefeitura de Petr\u00f3polis.<\/p>\n\n\n\n<p>A Defesa Civil permanece monitorando as condi\u00e7\u00f5es do tempo e poder\u00e1 emitir alertas, informes ou atualiza\u00e7\u00f5es a qualquer momento.<\/p>\n","protected":false},"excerpt":{"rendered":"<p>Primeiro alerta de chuva enviado pelo \u00f3rg\u00e3o foi \u00e0s 04h27 de ter\u00e7a-feira (17), quando j\u00e1<\/p>\n","protected":false},"author":2,"featured_media":70416,"comment_status":"open","ping_status":"open","sticky":true,"template":"","format":"standard","meta":{"footnotes":""},"categories":[12],"tags":[],"class_list":["post-70415","post","type-post","status-publish","format-standard","has-post-thumbnail","hentry","category-cidade"],"_links":{"self":[{"href":"https:\/\/tvc16.com\/portal\/wp-json\/wp\/v2\/posts\/70415","targetHints":{"allow":["GET"]}}],"collection":[{"href":"https:\/\/tvc16.com\/portal\/wp-json\/wp\/v2\/posts"}],"about":[{"href":"https:\/\/tvc16.com\/portal\/wp-json\/wp\/v2\/types\/post"}],"author":[{"embeddable":true,"href":"https:\/\/tvc16.com\/portal\/wp-json\/wp\/v2\/users\/2"}],"replies":[{"embeddable":true,"href":"https:\/\/tvc16.com\/portal\/wp-json\/wp\/v2\/comments?post=70415"}],"version-history":[{"count":1,"href":"https:\/\/tvc16.com\/portal\/wp-json\/wp\/v2\/posts\/70415\/revisions"}],"predecessor-version":[{"id":70419,"href":"https:\/\/tvc16.com\/portal\/wp-json\/wp\/v2\/posts\/70415\/revisions\/70419"}],"wp:featuredmedia":[{"embeddable":true,"href":"https:\/\/tvc16.com\/portal\/wp-json\/wp\/v2\/media\/70416"}],"wp:attachment":[{"href":"https:\/\/tvc16.com\/portal\/wp-json\/wp\/v2\/media?parent=70415"}],"wp:term":[{"taxonomy":"category","embeddable":true,"href":"https:\/\/tvc16.com\/portal\/wp-json\/wp\/v2\/categories?post=70415"},{"taxonomy":"post_tag","embeddable":true,"href":"https:\/\/tvc16.com\/portal\/wp-json\/wp\/v2\/tags?post=70415"}],"curies":[{"name":"wp","href":"https:\/\/api.w.org\/{rel}","templated":true}]}}