{"id":70425,"date":"2023-10-18T11:59:20","date_gmt":"2023-10-18T14:59:20","guid":{"rendered":"https:\/\/tvc16.com\/portal\/?p=70425"},"modified":"2023-10-18T11:59:45","modified_gmt":"2023-10-18T14:59:45","slug":"casos-de-dengue-em-petropolis-aumenta-em-quase-1000","status":"publish","type":"post","link":"https:\/\/tvc16.com\/portal\/2023\/10\/18\/casos-de-dengue-em-petropolis-aumenta-em-quase-1000\/","title":{"rendered":"Casos de dengue em Petr\u00f3polis aumenta em quase 1000%"},"content":{"rendered":"\n<p>Foram divulgados os resultados do quarto Levantamento de \u00cdndice R\u00e1pido de Infesta\u00e7\u00e3o por Aedes aegypti (LIRAa) 2023 nesta \u00faltima segunda-feira (16). O munic\u00edpio de Petr\u00f3polis se manteve abaixo dos 1% em \u00edndice de infesta\u00e7\u00e3o. Entretanto, segundo a Subsecretaria de Vigil\u00e2ncia e Aten\u00e7\u00e3o Prim\u00e1ria \u00e0 Sa\u00fade do Estado do Rio (SUBVAPS) o n\u00famero de casos de dengue no munic\u00edpio aumentou em 977,77% entre os anos de 2022 e 2023. Desde julho deste ano foram registrados 14 casos.<\/p>\n\n\n\n<p>No ano passado foram registrados 9 casos de dengue em Petr\u00f3polis, e at\u00e9 o dia 7 de outubro de 2023, j\u00e1 foram registrados 97 casos. As outras doen\u00e7as provenientes do mosquito Aedes aegypti mantiveram o mesmo n\u00famero no per\u00edodo. Registrando dois casos de chikungunya e nenhum de zika. Vale ressaltar que segundo a Secretaria de Sa\u00fade do Estado n\u00e3o houve registro de \u00f3bitos relacionados a essas doen\u00e7as no munic\u00edpio.<\/p>\n\n\n\n<p><strong>Combate a prolifera\u00e7\u00e3o do mosquito<\/strong><\/p>\n\n\n\n<p>A Prefeitura de Petr\u00f3polis divulgou nesta segunda-feira (16) os resultados do quarto Levantamento de \u00cdndice R\u00e1pido de Infesta\u00e7\u00e3o por Aedes aegypti (LIRAa) 2023, realizado entre os dias 2 e 6 de outubro. O munic\u00edpio se manteve dentro dos par\u00e2metros estabelecidos pelo Minist\u00e9rio da Sa\u00fade, com um \u00edndice de infesta\u00e7\u00e3o de 0,16%, considerado satisfat\u00f3rio, sendo inferior a 1%.<\/p>\n\n\n\n<p>Ao todo foram visitados 7.902 im\u00f3veis e foram identificados focos do mosquito em 13 resid\u00eancias. Segundo a Administra\u00e7\u00e3o Municipal nos 13 im\u00f3veis com focos identificados, criadouros foram eliminados e larvicidas foram aplicados em recipientes como vasos, pratos e frascos de plantas, bem como em bebedouros destinados a animais.<\/p>\n\n\n\n<p>De acordo com o secret\u00e1rio de Sa\u00fade, Marcus Curvelo, todos os estratos apresentaram \u00edndices de infesta\u00e7\u00e3o predial satisfat\u00f3rios, mas refor\u00e7a a import\u00e2ncia da colabora\u00e7\u00e3o da popula\u00e7\u00e3o. \u201cO resultado positivo do quarto LIRAa refor\u00e7a a efic\u00e1cia das estrat\u00e9gias adotadas para conter a propaga\u00e7\u00e3o do Aedes aegypti, com destaque para o engajamento da comunidade na preven\u00e7\u00e3o de doen\u00e7as transmitidas pelo mosquito\u201d, enfatiza Curvelo.<\/p>\n\n\n\n<p><\/p>\n\n\n\n<p><em>Por Gabriel Rattes<\/em><\/p>\n","protected":false},"excerpt":{"rendered":"<p>Foram divulgados os resultados do quarto Levantamento de \u00cdndice R\u00e1pido de Infesta\u00e7\u00e3o por Aedes aegypti<\/p>\n","protected":false},"author":2,"featured_media":70426,"comment_status":"open","ping_status":"open","sticky":false,"template":"","format":"standard","meta":{"footnotes":""},"categories":[12],"tags":[],"class_list":["post-70425","post","type-post","status-publish","format-standard","has-post-thumbnail","hentry","category-cidade"],"_links":{"self":[{"href":"https:\/\/tvc16.com\/portal\/wp-json\/wp\/v2\/posts\/70425","targetHints":{"allow":["GET"]}}],"collection":[{"href":"https:\/\/tvc16.com\/portal\/wp-json\/wp\/v2\/posts"}],"about":[{"href":"https:\/\/tvc16.com\/portal\/wp-json\/wp\/v2\/types\/post"}],"author":[{"embeddable":true,"href":"https:\/\/tvc16.com\/portal\/wp-json\/wp\/v2\/users\/2"}],"replies":[{"embeddable":true,"href":"https:\/\/tvc16.com\/portal\/wp-json\/wp\/v2\/comments?post=70425"}],"version-history":[{"count":1,"href":"https:\/\/tvc16.com\/portal\/wp-json\/wp\/v2\/posts\/70425\/revisions"}],"predecessor-version":[{"id":70427,"href":"https:\/\/tvc16.com\/portal\/wp-json\/wp\/v2\/posts\/70425\/revisions\/70427"}],"wp:featuredmedia":[{"embeddable":true,"href":"https:\/\/tvc16.com\/portal\/wp-json\/wp\/v2\/media\/70426"}],"wp:attachment":[{"href":"https:\/\/tvc16.com\/portal\/wp-json\/wp\/v2\/media?parent=70425"}],"wp:term":[{"taxonomy":"category","embeddable":true,"href":"https:\/\/tvc16.com\/portal\/wp-json\/wp\/v2\/categories?post=70425"},{"taxonomy":"post_tag","embeddable":true,"href":"https:\/\/tvc16.com\/portal\/wp-json\/wp\/v2\/tags?post=70425"}],"curies":[{"name":"wp","href":"https:\/\/api.w.org\/{rel}","templated":true}]}}