{"id":70437,"date":"2023-10-18T12:17:46","date_gmt":"2023-10-18T15:17:46","guid":{"rendered":"https:\/\/tvc16.com\/portal\/?p=70437"},"modified":"2023-10-18T12:17:47","modified_gmt":"2023-10-18T15:17:47","slug":"guarda-civil-municipal-de-nova-friburgo-tem-novo-comandante","status":"publish","type":"post","link":"https:\/\/tvc16.com\/portal\/2023\/10\/18\/guarda-civil-municipal-de-nova-friburgo-tem-novo-comandante\/","title":{"rendered":"Guarda Civil Municipal de Nova Friburgo tem novo comandante"},"content":{"rendered":"\n<p>O Di\u00e1rio Oficial Eletr\u00f4nico de Nova Friburgo publicado nesta segunda-feira, dia 16, oficializou a nomea\u00e7\u00e3o de Luan dos Santos Cordeiro de Paula como subsecret\u00e1rio da Guarda Municipal da Secretaria de Ordem e Mobilidade Urbana. O cargo \u00e9 equivalente ao de comandante da GCM.&nbsp;<\/p>\n\n\n\n<p>O GCM Luan \u00e9 servidor de concursado desde 21 de julho de 2008. Ao longo dos seus 15 anos de atua\u00e7\u00e3o, \u00e9 reconhecido por sua conduta de respeito e dedica\u00e7\u00e3o, mantendo um excelente relacionamento com o corpo de servidores da pasta.&nbsp;<\/p>\n\n\n\n<p>O novo comandante da GCM possui curso de patrulhamento t\u00e1tico m\u00f3vel, de opera\u00e7\u00f5es de choque, qualifica\u00e7\u00e3o em tr\u00e2nsito e tamb\u00e9m \u00e9 t\u00e9cnico de enfermagem, tendo experi\u00eancias trabalhando na UPA de Conselheiro Paulino e em UTI m\u00f3vel, na \u00e1rea de resgate.&nbsp;<\/p>\n\n\n\n<p>\u201cA minha expectativa \u00e9 continuar o trabalho de acolhimento junto \u00e0 comunidade friburguense, aprimorando o relacionamento social junto \u00e0 popula\u00e7\u00e3o, trazendo sempre o apoio ao nosso turismo e aos visitantes, al\u00e9m de tornar a corpora\u00e7\u00e3o cada dia mais firme\u201d, declarou o GCM Luan.&nbsp;<\/p>\n\n\n\n<p>De acordo com o secret\u00e1rio de Ordem e Mobilidade Urbana, Renato de Souza, \u201co comando da Guarda est\u00e1 nas m\u00e3os de um servidor que tem reputa\u00e7\u00e3o ilibada e nenhuma m\u00e1cula em sua ficha funcional, al\u00e9m de ser uma pessoa muito s\u00e9ria e \u00e9tica\u201d.<\/p>\n","protected":false},"excerpt":{"rendered":"<p>O Di\u00e1rio Oficial Eletr\u00f4nico de Nova Friburgo publicado nesta segunda-feira, dia 16, oficializou a nomea\u00e7\u00e3o<\/p>\n","protected":false},"author":2,"featured_media":70438,"comment_status":"open","ping_status":"open","sticky":false,"template":"","format":"standard","meta":{"footnotes":""},"categories":[17],"tags":[],"class_list":["post-70437","post","type-post","status-publish","format-standard","has-post-thumbnail","hentry","category-outras-noticias"],"_links":{"self":[{"href":"https:\/\/tvc16.com\/portal\/wp-json\/wp\/v2\/posts\/70437","targetHints":{"allow":["GET"]}}],"collection":[{"href":"https:\/\/tvc16.com\/portal\/wp-json\/wp\/v2\/posts"}],"about":[{"href":"https:\/\/tvc16.com\/portal\/wp-json\/wp\/v2\/types\/post"}],"author":[{"embeddable":true,"href":"https:\/\/tvc16.com\/portal\/wp-json\/wp\/v2\/users\/2"}],"replies":[{"embeddable":true,"href":"https:\/\/tvc16.com\/portal\/wp-json\/wp\/v2\/comments?post=70437"}],"version-history":[{"count":1,"href":"https:\/\/tvc16.com\/portal\/wp-json\/wp\/v2\/posts\/70437\/revisions"}],"predecessor-version":[{"id":70439,"href":"https:\/\/tvc16.com\/portal\/wp-json\/wp\/v2\/posts\/70437\/revisions\/70439"}],"wp:featuredmedia":[{"embeddable":true,"href":"https:\/\/tvc16.com\/portal\/wp-json\/wp\/v2\/media\/70438"}],"wp:attachment":[{"href":"https:\/\/tvc16.com\/portal\/wp-json\/wp\/v2\/media?parent=70437"}],"wp:term":[{"taxonomy":"category","embeddable":true,"href":"https:\/\/tvc16.com\/portal\/wp-json\/wp\/v2\/categories?post=70437"},{"taxonomy":"post_tag","embeddable":true,"href":"https:\/\/tvc16.com\/portal\/wp-json\/wp\/v2\/tags?post=70437"}],"curies":[{"name":"wp","href":"https:\/\/api.w.org\/{rel}","templated":true}]}}