{"id":7044,"date":"2020-11-30T17:42:41","date_gmt":"2020-11-30T20:42:41","guid":{"rendered":"https:\/\/tvc16.com\/portal\/?p=7044"},"modified":"2020-11-30T17:47:44","modified_gmt":"2020-11-30T20:47:44","slug":"covid-19-estado-de-sp-regride-para-fase-amarela","status":"publish","type":"post","link":"https:\/\/tvc16.com\/portal\/2020\/11\/30\/covid-19-estado-de-sp-regride-para-fase-amarela\/","title":{"rendered":"Covid-19: estado de SP regride para fase Amarela"},"content":{"rendered":"\n<h3 class=\"wp-block-heading\">Monitoramento de casos passa a ser semanal<\/h3>\n\n\n\n<h4 class=\"wp-block-heading\"> Por Fl\u00e1via Albuquerque &#8211; Rep\u00f3rter da Ag\u00eancia Brasil &#8211; S\u00e3o Paulo<\/h4>\n\n\n\n<p>O governo estadual de S\u00e3o Paulo anunciou hoje (30) a regress\u00e3o de todo o estado para a fase Amarela do Plano S\u00e3o Paulo. A reclassifica\u00e7\u00e3o acontece devido ao aumento das taxas de transmiss\u00e3o da covid-19 e nas interna\u00e7\u00f5es no estado de S\u00e3o Paulo. O governo tamb\u00e9m mudar\u00e1 o tempo de an\u00e1lise e monitoramento do comportamento da transmiss\u00e3o no novo coronav\u00edrus, que passa a ser semanal e n\u00e3o de 28 em 28 dias.<img decoding=\"async\" src=\"https:\/\/agenciabrasil.ebc.com.br\/ebc.png?id=1395071&amp;o=node\"><img decoding=\"async\" src=\"https:\/\/agenciabrasil.ebc.com.br\/ebc.gif?id=1395071&amp;o=node\"><\/p>\n\n\n\n<p>Na fase Amarela os estabelecimentos funcionam com capacidade limitada a 40% da ocupa\u00e7\u00e3o para todos os setores, com funcionamento limitado a dez horas por dia e at\u00e9 as 22h. Tamb\u00e9m ficam proibidos eventos com p\u00fablico em p\u00e9. Espa\u00e7os culturais nos quais o p\u00fablico fique sentado com distanciamento social e controle de fluxo continuam funcionando.&nbsp; A nova reclassifica\u00e7\u00e3o do Plano S\u00e3o Paulo ser\u00e1 anunciada no dia 4 de janeiro.&nbsp;<\/p>\n\n\n\n<p>Na tarde de amanh\u00e3 o governo estadual far\u00e1 uma reuni\u00e3o virtual com 62 prefeitos de munic\u00edpios que apresentaram eleva\u00e7\u00e3o acima de 75% na ocupa\u00e7\u00e3o de leitos e de 10% na taxa de interna\u00e7\u00f5es, com o objetivo de melhorar o controle da pandemia, criar medidas de conten\u00e7\u00e3o e oferecer apoio para que possam seguir as orienta\u00e7\u00f5es do governo estadual.<\/p>\n\n\n\n<p>Segundo os dados da Secretaria Estadual de Sa\u00fade, na \u00faltima semana houve redu\u00e7\u00e3o de 14% no numero de casos, eleva\u00e7\u00e3o de 12% nos \u00f3bitos e de 7% nas interna\u00e7\u00f5es. A ocupa\u00e7\u00e3o de leitos de covid-19 na regi\u00e3o metropolitana de S\u00e3o Paulo \u00e9 de 59,1% e no estado, de 52,2%.&nbsp; Em todo o estado foram registrados 1.241.653 casos, com 42. 095 \u00f3bitos.<\/p>\n\n\n\n<p>&#8220;Vamos refor\u00e7ar os mecanismos e medidas de fiscaliza\u00e7\u00e3o e estamos atentos e atuantes. Precisamos da mesma popula\u00e7\u00e3o que garantiu o sucesso do Plano S\u00e3o Paulo at\u00e9 aqui para que continuemos a ter sucesso enquanto a vacina n\u00e3o estiver dispon\u00edvel&#8221;, disse o secret\u00e1rio estadual de Sa\u00fade, Jean Gorinchteyn.<\/p>\n\n\n\n<p>Edi\u00e7\u00e3o: Val\u00e9ria Aguiar<\/p>\n","protected":false},"excerpt":{"rendered":"<p>Monitoramento de casos passa a ser semanal Por Fl\u00e1via Albuquerque &#8211; Rep\u00f3rter da Ag\u00eancia Brasil<\/p>\n","protected":false},"author":2,"featured_media":7045,"comment_status":"open","ping_status":"open","sticky":false,"template":"","format":"standard","meta":{"footnotes":""},"categories":[17],"tags":[],"class_list":["post-7044","post","type-post","status-publish","format-standard","has-post-thumbnail","hentry","category-outras-noticias"],"_links":{"self":[{"href":"https:\/\/tvc16.com\/portal\/wp-json\/wp\/v2\/posts\/7044","targetHints":{"allow":["GET"]}}],"collection":[{"href":"https:\/\/tvc16.com\/portal\/wp-json\/wp\/v2\/posts"}],"about":[{"href":"https:\/\/tvc16.com\/portal\/wp-json\/wp\/v2\/types\/post"}],"author":[{"embeddable":true,"href":"https:\/\/tvc16.com\/portal\/wp-json\/wp\/v2\/users\/2"}],"replies":[{"embeddable":true,"href":"https:\/\/tvc16.com\/portal\/wp-json\/wp\/v2\/comments?post=7044"}],"version-history":[{"count":1,"href":"https:\/\/tvc16.com\/portal\/wp-json\/wp\/v2\/posts\/7044\/revisions"}],"predecessor-version":[{"id":7046,"href":"https:\/\/tvc16.com\/portal\/wp-json\/wp\/v2\/posts\/7044\/revisions\/7046"}],"wp:featuredmedia":[{"embeddable":true,"href":"https:\/\/tvc16.com\/portal\/wp-json\/wp\/v2\/media\/7045"}],"wp:attachment":[{"href":"https:\/\/tvc16.com\/portal\/wp-json\/wp\/v2\/media?parent=7044"}],"wp:term":[{"taxonomy":"category","embeddable":true,"href":"https:\/\/tvc16.com\/portal\/wp-json\/wp\/v2\/categories?post=7044"},{"taxonomy":"post_tag","embeddable":true,"href":"https:\/\/tvc16.com\/portal\/wp-json\/wp\/v2\/tags?post=7044"}],"curies":[{"name":"wp","href":"https:\/\/api.w.org\/{rel}","templated":true}]}}