{"id":70440,"date":"2023-10-18T12:53:13","date_gmt":"2023-10-18T15:53:13","guid":{"rendered":"https:\/\/tvc16.com\/portal\/?p=70440"},"modified":"2023-10-18T12:53:14","modified_gmt":"2023-10-18T15:53:14","slug":"prefeitura-de-teresopolis-reinicia-obra-de-reforma-da-escola-macom-lino-orona","status":"publish","type":"post","link":"https:\/\/tvc16.com\/portal\/2023\/10\/18\/prefeitura-de-teresopolis-reinicia-obra-de-reforma-da-escola-macom-lino-orona\/","title":{"rendered":"Prefeitura de Teres\u00f3polis reinicia obra de reforma da Escola Ma\u00e7om Lino Oro\u00f1a"},"content":{"rendered":"\n<p>O Prefeito Vinicius Claussen esteve na Escola M. Ma\u00e7om Lino Oro\u00f1a Lema para acompanhar o rein\u00edcio da obra de reforma completa da unidade de ensino. A obra inclui reestrutura\u00e7\u00e3o geral da unidade escolar, com novos espa\u00e7os, acess\u00edveis, modernos e seguros.<\/p>\n\n\n\n<p>\u201cEnfrentamos dificuldades com a antiga empresa que n\u00e3o cumpriu com o contrato. Multamos e rescindimos o contrato. Agora, com a nova empresa, come\u00e7amos hoje os trabalhos e, no come\u00e7o do ano letivo de 2024, teremos a escola funcionando, realizando o desejo de alunos, pais e respons\u00e1veis\u201d, explicou o Prefeito, pontuando que, durante o per\u00edodo em que a escola est\u00e1 em obra, os alunos t\u00eam aulas em outras duas escolas do munic\u00edpio.<\/p>\n\n\n\n<p>Os secret\u00e1rios de Educa\u00e7\u00e3o, Satiele Santos, de Governo e Coordena\u00e7\u00e3o, Lucas Pacheco, de Ci\u00eancia e Tecnologia, Vinicius Oberg, e o subsecret\u00e1rio de Comunica\u00e7\u00e3o Social, Pablo Ten\u00f3rio, e o engenheiro da Secretaria M. de Fiscaliza\u00e7\u00e3o de Obras P\u00fablicas, Gabriel Pessanha, tamb\u00e9m acompanharam o retorno dos trabalhos na escola.<\/p>\n\n\n\n<p>O projeto de reforma geral da escola inclui: substitui\u00e7\u00e3o do telhado, com utiliza\u00e7\u00e3o de telha termoac\u00fastica; troca de todo embo\u00e7o danificado; moderniza\u00e7\u00e3o da instala\u00e7\u00e3o el\u00e9trica; projeto de preven\u00e7\u00e3o e combate a inc\u00eandios; revitaliza\u00e7\u00e3o das instala\u00e7\u00f5es hidrossanit\u00e1rias, visando a seguran\u00e7a, conforto e acessibilidade; adequa\u00e7\u00e3o da acessibilidade atrav\u00e9s da aplica\u00e7\u00e3o de pisos t\u00e1teis e aproveitamento de espa\u00e7os n\u00e3o utilizados. Ainda ser\u00e3o adotadas medidas para aproveitamento de espa\u00e7os n\u00e3o utilizados, criando um ambiente aconchegante e seguro.<\/p>\n\n\n\n<figure class=\"wp-block-gallery has-nested-images columns-default is-cropped wp-block-gallery-1 is-layout-flex wp-block-gallery-is-layout-flex\">\n<figure class=\"wp-block-image size-large\"><img loading=\"lazy\" decoding=\"async\" width=\"1024\" height=\"683\" data-id=\"70445\" src=\"https:\/\/tvc16.com\/portal\/wp-content\/uploads\/2023\/10\/Vistoria-Obras-Lino-Orona-7.jpg\" alt=\"\" class=\"wp-image-70445\" srcset=\"https:\/\/tvc16.com\/portal\/wp-content\/uploads\/2023\/10\/Vistoria-Obras-Lino-Orona-7.jpg 1024w, https:\/\/tvc16.com\/portal\/wp-content\/uploads\/2023\/10\/Vistoria-Obras-Lino-Orona-7-300x200.jpg 300w, https:\/\/tvc16.com\/portal\/wp-content\/uploads\/2023\/10\/Vistoria-Obras-Lino-Orona-7-768x512.jpg 768w, https:\/\/tvc16.com\/portal\/wp-content\/uploads\/2023\/10\/Vistoria-Obras-Lino-Orona-7-900x600.jpg 900w\" sizes=\"auto, (max-width: 1024px) 100vw, 1024px\" \/><\/figure>\n\n\n\n<figure class=\"wp-block-image size-large\"><img loading=\"lazy\" decoding=\"async\" width=\"1024\" height=\"683\" data-id=\"70443\" src=\"https:\/\/tvc16.com\/portal\/wp-content\/uploads\/2023\/10\/Vistoria-Obras-Lino-Orona-18.jpg\" alt=\"\" class=\"wp-image-70443\" srcset=\"https:\/\/tvc16.com\/portal\/wp-content\/uploads\/2023\/10\/Vistoria-Obras-Lino-Orona-18.jpg 1024w, https:\/\/tvc16.com\/portal\/wp-content\/uploads\/2023\/10\/Vistoria-Obras-Lino-Orona-18-300x200.jpg 300w, https:\/\/tvc16.com\/portal\/wp-content\/uploads\/2023\/10\/Vistoria-Obras-Lino-Orona-18-768x512.jpg 768w, https:\/\/tvc16.com\/portal\/wp-content\/uploads\/2023\/10\/Vistoria-Obras-Lino-Orona-18-900x600.jpg 900w\" sizes=\"auto, (max-width: 1024px) 100vw, 1024px\" \/><\/figure>\n\n\n\n<figure class=\"wp-block-image size-large\"><img loading=\"lazy\" decoding=\"async\" width=\"1024\" height=\"683\" data-id=\"70442\" src=\"https:\/\/tvc16.com\/portal\/wp-content\/uploads\/2023\/10\/Vistoria-Obras-Lino-Orona-23.jpg\" alt=\"\" class=\"wp-image-70442\" srcset=\"https:\/\/tvc16.com\/portal\/wp-content\/uploads\/2023\/10\/Vistoria-Obras-Lino-Orona-23.jpg 1024w, https:\/\/tvc16.com\/portal\/wp-content\/uploads\/2023\/10\/Vistoria-Obras-Lino-Orona-23-300x200.jpg 300w, https:\/\/tvc16.com\/portal\/wp-content\/uploads\/2023\/10\/Vistoria-Obras-Lino-Orona-23-768x512.jpg 768w, https:\/\/tvc16.com\/portal\/wp-content\/uploads\/2023\/10\/Vistoria-Obras-Lino-Orona-23-900x600.jpg 900w\" sizes=\"auto, (max-width: 1024px) 100vw, 1024px\" \/><\/figure>\n\n\n\n<figure class=\"wp-block-image size-large\"><img loading=\"lazy\" decoding=\"async\" width=\"1024\" height=\"683\" data-id=\"70441\" src=\"https:\/\/tvc16.com\/portal\/wp-content\/uploads\/2023\/10\/Vistoria-Obras-Lino-Orona-33.jpg\" alt=\"\" class=\"wp-image-70441\" srcset=\"https:\/\/tvc16.com\/portal\/wp-content\/uploads\/2023\/10\/Vistoria-Obras-Lino-Orona-33.jpg 1024w, https:\/\/tvc16.com\/portal\/wp-content\/uploads\/2023\/10\/Vistoria-Obras-Lino-Orona-33-300x200.jpg 300w, https:\/\/tvc16.com\/portal\/wp-content\/uploads\/2023\/10\/Vistoria-Obras-Lino-Orona-33-768x512.jpg 768w, https:\/\/tvc16.com\/portal\/wp-content\/uploads\/2023\/10\/Vistoria-Obras-Lino-Orona-33-900x600.jpg 900w\" sizes=\"auto, (max-width: 1024px) 100vw, 1024px\" \/><\/figure>\n\n\n\n<figure class=\"wp-block-image size-large\"><img loading=\"lazy\" decoding=\"async\" width=\"1024\" height=\"683\" data-id=\"70446\" src=\"https:\/\/tvc16.com\/portal\/wp-content\/uploads\/2023\/10\/Vistoria-Obras-Lino-Orona-40.jpg\" alt=\"\" class=\"wp-image-70446\" srcset=\"https:\/\/tvc16.com\/portal\/wp-content\/uploads\/2023\/10\/Vistoria-Obras-Lino-Orona-40.jpg 1024w, https:\/\/tvc16.com\/portal\/wp-content\/uploads\/2023\/10\/Vistoria-Obras-Lino-Orona-40-300x200.jpg 300w, https:\/\/tvc16.com\/portal\/wp-content\/uploads\/2023\/10\/Vistoria-Obras-Lino-Orona-40-768x512.jpg 768w, https:\/\/tvc16.com\/portal\/wp-content\/uploads\/2023\/10\/Vistoria-Obras-Lino-Orona-40-900x600.jpg 900w\" sizes=\"auto, (max-width: 1024px) 100vw, 1024px\" \/><\/figure>\n\n\n\n<figure class=\"wp-block-image size-large\"><img loading=\"lazy\" decoding=\"async\" width=\"1024\" height=\"683\" data-id=\"70444\" src=\"https:\/\/tvc16.com\/portal\/wp-content\/uploads\/2023\/10\/Vistoria-Obras-Lino-Orona-46.jpg\" alt=\"\" class=\"wp-image-70444\" srcset=\"https:\/\/tvc16.com\/portal\/wp-content\/uploads\/2023\/10\/Vistoria-Obras-Lino-Orona-46.jpg 1024w, https:\/\/tvc16.com\/portal\/wp-content\/uploads\/2023\/10\/Vistoria-Obras-Lino-Orona-46-300x200.jpg 300w, https:\/\/tvc16.com\/portal\/wp-content\/uploads\/2023\/10\/Vistoria-Obras-Lino-Orona-46-768x512.jpg 768w, https:\/\/tvc16.com\/portal\/wp-content\/uploads\/2023\/10\/Vistoria-Obras-Lino-Orona-46-900x600.jpg 900w\" sizes=\"auto, (max-width: 1024px) 100vw, 1024px\" \/><\/figure>\n<\/figure>\n\n\n\n<p><strong>Fotos: Bruno Nepomuceno<\/strong><\/p>\n","protected":false},"excerpt":{"rendered":"<p>O Prefeito Vinicius Claussen esteve na Escola M. Ma\u00e7om Lino Oro\u00f1a Lema para acompanhar o<\/p>\n","protected":false},"author":2,"featured_media":70443,"comment_status":"open","ping_status":"open","sticky":false,"template":"","format":"standard","meta":{"footnotes":""},"categories":[17],"tags":[],"class_list":["post-70440","post","type-post","status-publish","format-standard","has-post-thumbnail","hentry","category-outras-noticias"],"_links":{"self":[{"href":"https:\/\/tvc16.com\/portal\/wp-json\/wp\/v2\/posts\/70440","targetHints":{"allow":["GET"]}}],"collection":[{"href":"https:\/\/tvc16.com\/portal\/wp-json\/wp\/v2\/posts"}],"about":[{"href":"https:\/\/tvc16.com\/portal\/wp-json\/wp\/v2\/types\/post"}],"author":[{"embeddable":true,"href":"https:\/\/tvc16.com\/portal\/wp-json\/wp\/v2\/users\/2"}],"replies":[{"embeddable":true,"href":"https:\/\/tvc16.com\/portal\/wp-json\/wp\/v2\/comments?post=70440"}],"version-history":[{"count":1,"href":"https:\/\/tvc16.com\/portal\/wp-json\/wp\/v2\/posts\/70440\/revisions"}],"predecessor-version":[{"id":70448,"href":"https:\/\/tvc16.com\/portal\/wp-json\/wp\/v2\/posts\/70440\/revisions\/70448"}],"wp:featuredmedia":[{"embeddable":true,"href":"https:\/\/tvc16.com\/portal\/wp-json\/wp\/v2\/media\/70443"}],"wp:attachment":[{"href":"https:\/\/tvc16.com\/portal\/wp-json\/wp\/v2\/media?parent=70440"}],"wp:term":[{"taxonomy":"category","embeddable":true,"href":"https:\/\/tvc16.com\/portal\/wp-json\/wp\/v2\/categories?post=70440"},{"taxonomy":"post_tag","embeddable":true,"href":"https:\/\/tvc16.com\/portal\/wp-json\/wp\/v2\/tags?post=70440"}],"curies":[{"name":"wp","href":"https:\/\/api.w.org\/{rel}","templated":true}]}}