{"id":705,"date":"2020-09-18T13:31:14","date_gmt":"2020-09-18T13:31:14","guid":{"rendered":"https:\/\/tvc16.com\/portal\/?p=705"},"modified":"2020-09-18T13:31:14","modified_gmt":"2020-09-18T13:31:14","slug":"valdemar-vasconcelos-e-vice-de-ramon-mello","status":"publish","type":"post","link":"https:\/\/tvc16.com\/portal\/2020\/09\/18\/valdemar-vasconcelos-e-vice-de-ramon-mello\/","title":{"rendered":"Valdemar Vasconcelos \u00e9 Vice de Ramon Mello"},"content":{"rendered":"\n<p>Ramon Mello apresenta o empres\u00e1rio Valdemar Vasconcelos como candidato a vice na campanha do Avante rumo \u00e0 Prefeitura de Petr\u00f3polis.\u00a0<\/p>\n\n\n\n<p>Valdemar Vasconcelos \u00e9 empres\u00e1rio e aposentado. Come\u00e7ou a trabalhar desde muito cedo e aos 20 anos abriu seu primeiro neg\u00f3cio em uma sociedade com o pai, Manoel Vasconcelos. De l\u00e1 at\u00e9 hoje, passou por diversas \u00e1reas, sempre administrando seus neg\u00f3cios com efici\u00eancia, possuindo muita experi\u00eancia em gest\u00e3o. \u00c9 natural de Caxias, mas escolheu viver com sua fam\u00edlia em Petr\u00f3polis desde 1986, ao lado de sua companheira de vida, Noranei. Aqui, tiveram suas duas filhas Rosa e Valqu\u00edria e o neto, filho de Rosa, Vitor Lu\u00eds.&nbsp;<\/p>\n\n\n\n<p>Este ano resolveu entrar para a vida pol\u00edtica, primeiro porque acredita no projeto de mudan\u00e7a que o amigo Ramon Mello representa para a cidade de Petr\u00f3polis, depois porque, como grande parte dos cidad\u00e3os, est\u00e1 cansado da velha pol\u00edtica de muita fala\u00e7\u00e3o e pouca ou nenhuma atitude que de fato beneficie a popula\u00e7\u00e3o com um todo.&nbsp;<\/p>\n\n\n\n<p>Compartilhando do mesmo sonho que Ramon, Valdemar chega para agregar sua experi\u00eancia empresarial na gest\u00e3o da nossa cidade. \u201cDepois de uma vida inteira de constantes frustra\u00e7\u00f5es pol\u00edticas, sinto que n\u00e3o d\u00e1 pra ficar s\u00f3 reclamando e que precisamos caminhar rumo \u00e0 mudan\u00e7a para quebrar a mesmice hist\u00f3rica que levou nossa cidade para o buraco. Sei que eu posso contribuir com a minha experi\u00eancia e somar for\u00e7as com o Ramon para colocar Petr\u00f3polis no rumo certo\u201d, afirma Valdemar.&nbsp;<\/p>\n","protected":false},"excerpt":{"rendered":"<p>Ramon Mello apresenta o empres\u00e1rio Valdemar Vasconcelos como candidato a vice na campanha do Avante<\/p>\n","protected":false},"author":2,"featured_media":706,"comment_status":"open","ping_status":"open","sticky":false,"template":"","format":"standard","meta":{"footnotes":""},"categories":[15],"tags":[],"class_list":["post-705","post","type-post","status-publish","format-standard","has-post-thumbnail","hentry","category-politica"],"_links":{"self":[{"href":"https:\/\/tvc16.com\/portal\/wp-json\/wp\/v2\/posts\/705","targetHints":{"allow":["GET"]}}],"collection":[{"href":"https:\/\/tvc16.com\/portal\/wp-json\/wp\/v2\/posts"}],"about":[{"href":"https:\/\/tvc16.com\/portal\/wp-json\/wp\/v2\/types\/post"}],"author":[{"embeddable":true,"href":"https:\/\/tvc16.com\/portal\/wp-json\/wp\/v2\/users\/2"}],"replies":[{"embeddable":true,"href":"https:\/\/tvc16.com\/portal\/wp-json\/wp\/v2\/comments?post=705"}],"version-history":[{"count":1,"href":"https:\/\/tvc16.com\/portal\/wp-json\/wp\/v2\/posts\/705\/revisions"}],"predecessor-version":[{"id":707,"href":"https:\/\/tvc16.com\/portal\/wp-json\/wp\/v2\/posts\/705\/revisions\/707"}],"wp:featuredmedia":[{"embeddable":true,"href":"https:\/\/tvc16.com\/portal\/wp-json\/wp\/v2\/media\/706"}],"wp:attachment":[{"href":"https:\/\/tvc16.com\/portal\/wp-json\/wp\/v2\/media?parent=705"}],"wp:term":[{"taxonomy":"category","embeddable":true,"href":"https:\/\/tvc16.com\/portal\/wp-json\/wp\/v2\/categories?post=705"},{"taxonomy":"post_tag","embeddable":true,"href":"https:\/\/tvc16.com\/portal\/wp-json\/wp\/v2\/tags?post=705"}],"curies":[{"name":"wp","href":"https:\/\/api.w.org\/{rel}","templated":true}]}}