{"id":7053,"date":"2020-11-30T17:47:11","date_gmt":"2020-11-30T20:47:11","guid":{"rendered":"https:\/\/tvc16.com\/portal\/?p=7053"},"modified":"2020-11-30T17:47:14","modified_gmt":"2020-11-30T20:47:14","slug":"singapura-estuda-caso-de-bebe-nascido-com-anticorpos-da-covid-19","status":"publish","type":"post","link":"https:\/\/tvc16.com\/portal\/2020\/11\/30\/singapura-estuda-caso-de-bebe-nascido-com-anticorpos-da-covid-19\/","title":{"rendered":"Singapura estuda caso de beb\u00ea nascido com anticorpos da covid-19"},"content":{"rendered":"\n<h3 class=\"wp-block-heading\">Estudo est\u00e1 em andamento nos hospitais p\u00fablicos da cidade-Estado<\/h3>\n\n\n\n<h4 class=\"wp-block-heading\">Por Aradhana Aravindan e John Geddie &#8211; Rep\u00f3rteres da Reuters &#8211; Singapura<\/h4>\n\n\n\n<p>M\u00e9dicos est\u00e3o estudando o impacto da covid-19 em gestantes e rec\u00e9m-nascidos em Singapura, onde um beb\u00ea nascido de uma m\u00e3e infectada no in\u00edcio deste m\u00eas mostrou ter anticorpos contra o v\u00edrus, mas n\u00e3o a doen\u00e7a.<img decoding=\"async\" src=\"https:\/\/agenciabrasil.ebc.com.br\/ebc.png?id=1395053&amp;o=node\"><img decoding=\"async\" src=\"https:\/\/agenciabrasil.ebc.com.br\/ebc.gif?id=1395053&amp;o=node\"><\/p>\n\n\n\n<p>O estudo em andamento nos hospitais p\u00fablicos da cidade-Estado amplia os esfor\u00e7os internacionais para entender melhor se a infec\u00e7\u00e3o ou os anticorpos podem ser transferidos durante a gravidez e se ela&nbsp;oferece um escudo de prote\u00e7\u00e3o contra o v\u00edrus.<\/p>\n\n\n\n<p>A Organiza\u00e7\u00e3o Mundial da Sa\u00fade (OMS) diz que, embora algumas gestantes tenham risco maior de desenvolver casos graves de covid-19, ainda n\u00e3o se sabe se uma gestante infectada pode passar o v\u00edrus ao feto ou beb\u00ea durante a gravidez ou o parto.<\/p>\n\n\n\n<p>Uma moradora de Singapura infectada com o coronav\u00edrus em mar\u00e7o, quando estava gr\u00e1vida, disse ao jornal local&nbsp;<em>Straits Times<\/em>&nbsp;que m\u00e9dicos lhe disseram que seu filho tinha anticorpos contra o v\u00edrus, mas que nasceu sem a infec\u00e7\u00e3o.<\/p>\n\n\n\n<p>&#8220;Ainda n\u00e3o se sabe se a presen\u00e7a desses anticorpos em um rec\u00e9m-nascido confere um grau de prote\u00e7\u00e3o contra a infec\u00e7\u00e3o de covid-19, muito menos a dura\u00e7\u00e3o da prote\u00e7\u00e3o&#8221;, disse Tan Hak Koon, presidente da Divis\u00e3o de Obstetr\u00edcia e Ginecologia do Hospital Feminino e Pedi\u00e1trico KK.<\/p>\n\n\n\n<p>O KK \u00e9 um dos hospitais envolvidos no estudo de gestantes infectadas em Singapura, que se tornou&nbsp;conhecido&nbsp;depois que o caso do beb\u00ea veio a p\u00fablico.<\/p>\n","protected":false},"excerpt":{"rendered":"<p>Estudo est\u00e1 em andamento nos hospitais p\u00fablicos da cidade-Estado Por Aradhana Aravindan e John Geddie<\/p>\n","protected":false},"author":2,"featured_media":7054,"comment_status":"open","ping_status":"open","sticky":false,"template":"","format":"standard","meta":{"footnotes":""},"categories":[13],"tags":[],"class_list":["post-7053","post","type-post","status-publish","format-standard","has-post-thumbnail","hentry","category-saude"],"_links":{"self":[{"href":"https:\/\/tvc16.com\/portal\/wp-json\/wp\/v2\/posts\/7053","targetHints":{"allow":["GET"]}}],"collection":[{"href":"https:\/\/tvc16.com\/portal\/wp-json\/wp\/v2\/posts"}],"about":[{"href":"https:\/\/tvc16.com\/portal\/wp-json\/wp\/v2\/types\/post"}],"author":[{"embeddable":true,"href":"https:\/\/tvc16.com\/portal\/wp-json\/wp\/v2\/users\/2"}],"replies":[{"embeddable":true,"href":"https:\/\/tvc16.com\/portal\/wp-json\/wp\/v2\/comments?post=7053"}],"version-history":[{"count":1,"href":"https:\/\/tvc16.com\/portal\/wp-json\/wp\/v2\/posts\/7053\/revisions"}],"predecessor-version":[{"id":7055,"href":"https:\/\/tvc16.com\/portal\/wp-json\/wp\/v2\/posts\/7053\/revisions\/7055"}],"wp:featuredmedia":[{"embeddable":true,"href":"https:\/\/tvc16.com\/portal\/wp-json\/wp\/v2\/media\/7054"}],"wp:attachment":[{"href":"https:\/\/tvc16.com\/portal\/wp-json\/wp\/v2\/media?parent=7053"}],"wp:term":[{"taxonomy":"category","embeddable":true,"href":"https:\/\/tvc16.com\/portal\/wp-json\/wp\/v2\/categories?post=7053"},{"taxonomy":"post_tag","embeddable":true,"href":"https:\/\/tvc16.com\/portal\/wp-json\/wp\/v2\/tags?post=7053"}],"curies":[{"name":"wp","href":"https:\/\/api.w.org\/{rel}","templated":true}]}}