{"id":7056,"date":"2020-11-30T17:48:49","date_gmt":"2020-11-30T20:48:49","guid":{"rendered":"https:\/\/tvc16.com\/portal\/?p=7056"},"modified":"2020-11-30T17:48:52","modified_gmt":"2020-11-30T20:48:52","slug":"covid-oms-reconhece-queda-de-novos-casos-na-europa-mas-pede-cautela","status":"publish","type":"post","link":"https:\/\/tvc16.com\/portal\/2020\/11\/30\/covid-oms-reconhece-queda-de-novos-casos-na-europa-mas-pede-cautela\/","title":{"rendered":"Covid: OMS reconhece queda de novos casos na Europa, mas pede cautela"},"content":{"rendered":"\n<h2 class=\"wp-block-heading\">Para a organiza\u00e7\u00e3o, qualquer avan\u00e7o pode ser rapidamente perdido<\/h2>\n\n\n\n<h4 class=\"wp-block-heading\">Por RTP &#8211; Genebra<\/h4>\n\n\n\n<p>A Organiza\u00e7\u00e3o Mundial da&nbsp;Sa\u00fade (OMS) comemorou&nbsp;nesta segunda-feira (30) a primeira queda, desde setembro,&nbsp;do n\u00famero de novos casos de infec\u00e7\u00e3o pelo novo coronav\u00edrus&nbsp;na Europa, alertando, contudo,&nbsp;que &#8220;qualquer avan\u00e7o pode ser rapidamente perdido&#8221; no combate \u00e0 pandemia.<img decoding=\"async\" src=\"https:\/\/agenciabrasil.ebc.com.br\/ebc.png?id=1395081&amp;o=node\"><img decoding=\"async\" src=\"https:\/\/agenciabrasil.ebc.com.br\/ebc.gif?id=1395081&amp;o=node\"><\/p>\n\n\n\n<p>Em entrevista coletiva na sede da&nbsp;organiza\u00e7\u00e3o, em Genebra, o diretor-geral, Tedros Adhanom Ghebreyesus, lembrou&nbsp;que na semana passada foi verificada uma redu\u00e7\u00e3o&nbsp;de&nbsp;novos casos, sobretudo no Continente Europeu, &#8220;devido \u00e0 efic\u00e1cia de medidas dif\u00edceis, mas necess\u00e1rias&#8221; de restri\u00e7\u00e3o \u00e0 liberdade de movimento&nbsp;das popula\u00e7\u00f5es.<br><br>Tedros Adhanom recomendou &#8220;extrema cautela&#8221; na an\u00e1lise desses resultados, lembrando&nbsp;que em outras regi\u00f5es do mundo essa queda&nbsp;n\u00e3o foi verificada.<\/p>\n","protected":false},"excerpt":{"rendered":"<p>Para a organiza\u00e7\u00e3o, qualquer avan\u00e7o pode ser rapidamente perdido Por RTP &#8211; Genebra A Organiza\u00e7\u00e3o<\/p>\n","protected":false},"author":2,"featured_media":7057,"comment_status":"open","ping_status":"open","sticky":false,"template":"","format":"standard","meta":{"footnotes":""},"categories":[22],"tags":[],"class_list":["post-7056","post","type-post","status-publish","format-standard","has-post-thumbnail","hentry","category-internacional"],"_links":{"self":[{"href":"https:\/\/tvc16.com\/portal\/wp-json\/wp\/v2\/posts\/7056","targetHints":{"allow":["GET"]}}],"collection":[{"href":"https:\/\/tvc16.com\/portal\/wp-json\/wp\/v2\/posts"}],"about":[{"href":"https:\/\/tvc16.com\/portal\/wp-json\/wp\/v2\/types\/post"}],"author":[{"embeddable":true,"href":"https:\/\/tvc16.com\/portal\/wp-json\/wp\/v2\/users\/2"}],"replies":[{"embeddable":true,"href":"https:\/\/tvc16.com\/portal\/wp-json\/wp\/v2\/comments?post=7056"}],"version-history":[{"count":1,"href":"https:\/\/tvc16.com\/portal\/wp-json\/wp\/v2\/posts\/7056\/revisions"}],"predecessor-version":[{"id":7058,"href":"https:\/\/tvc16.com\/portal\/wp-json\/wp\/v2\/posts\/7056\/revisions\/7058"}],"wp:featuredmedia":[{"embeddable":true,"href":"https:\/\/tvc16.com\/portal\/wp-json\/wp\/v2\/media\/7057"}],"wp:attachment":[{"href":"https:\/\/tvc16.com\/portal\/wp-json\/wp\/v2\/media?parent=7056"}],"wp:term":[{"taxonomy":"category","embeddable":true,"href":"https:\/\/tvc16.com\/portal\/wp-json\/wp\/v2\/categories?post=7056"},{"taxonomy":"post_tag","embeddable":true,"href":"https:\/\/tvc16.com\/portal\/wp-json\/wp\/v2\/tags?post=7056"}],"curies":[{"name":"wp","href":"https:\/\/api.w.org\/{rel}","templated":true}]}}