{"id":7059,"date":"2020-11-30T17:50:01","date_gmt":"2020-11-30T20:50:01","guid":{"rendered":"https:\/\/tvc16.com\/portal\/?p=7059"},"modified":"2020-11-30T17:50:05","modified_gmt":"2020-11-30T20:50:05","slug":"papa-nomeia-novos-cardeais-entre-eles-o-primeiro-afro-americano","status":"publish","type":"post","link":"https:\/\/tvc16.com\/portal\/2020\/11\/30\/papa-nomeia-novos-cardeais-entre-eles-o-primeiro-afro-americano\/","title":{"rendered":"Papa nomeia novos cardeais, entre eles o primeiro afro-americano"},"content":{"rendered":"\n<h3 class=\"wp-block-heading\">Cerim\u00f4nia foi reduzida por causa da pandemia de covid-19<\/h3>\n\n\n\n<h4 class=\"wp-block-heading\">Por Philip Pullella &#8211; Rep\u00f3rter da Reuters &#8211; Cidade do Vaticano<\/h4>\n\n\n\n<p>O papa Francisco deu posse nesse&nbsp;s\u00e1bado (28) a 13 novos cardeais, incluindo o primeiro afro-americano a ocupar o cargo, expandindo ainda mais o impacto do pont\u00edfice no grupo que um dia eleger\u00e1 seu sucessor.<img decoding=\"async\" src=\"https:\/\/agenciabrasil.ebc.com.br\/ebc.png?id=1394856&amp;o=node\"><img decoding=\"async\" src=\"https:\/\/agenciabrasil.ebc.com.br\/ebc.gif?id=1394856&amp;o=node\"><\/p>\n\n\n\n<p>Os cardeais foram empossados em uma cerim\u00f4nia&nbsp;conhecida como consist\u00f3rio, que foi consideravelmente reduzida por causa da pandemia de covid-19. Em vez dos habituais milhares, apenas dez convidados por cardeal foram permitidos na Bas\u00edlica de S\u00e3o Pedro.<\/p>\n\n\n\n<p>Nove dos 13 cardeais t\u00eam menos de 80 anos e s\u00e3o eleg\u00edveis, segundo a lei da Igreja, para entrar em um conclave secreto a fim de&nbsp;escolher o pr\u00f3ximo papa entre eles, depois que Francisco morrer ou renunciar.<\/p>\n\n\n\n<p>Foi o s\u00e9timo consist\u00f3rio de Francisco desde a sua elei\u00e7\u00e3o em 2013. Ele j\u00e1 nomeou 57% dos 128 cardeais eleitores, a maioria dos quais compartilha sua vis\u00e3o de uma Igreja mais inclusiva.<\/p>\n\n\n\n<p>At\u00e9 agora, o papa nomeou 18 cardeais de pa\u00edses que nunca tiveram um, quase todos do mundo em desenvolvimento. No consist\u00f3rio de&nbsp;ontem, Brunei e Ruanda tiveram seus primeiros cardeais.<\/p>\n\n\n\n<p>Embora a Europa ainda tenha a maior parcela de cardeais eleitores, com 41%, esse n\u00famero caiu em rela\u00e7\u00e3o aos 52% de 2013, quando Francisco se tornou o primeiro papa latino-americano.<\/p>\n","protected":false},"excerpt":{"rendered":"<p>Cerim\u00f4nia foi reduzida por causa da pandemia de covid-19 Por Philip Pullella &#8211; Rep\u00f3rter da<\/p>\n","protected":false},"author":2,"featured_media":7060,"comment_status":"open","ping_status":"open","sticky":false,"template":"","format":"standard","meta":{"footnotes":""},"categories":[22],"tags":[],"class_list":["post-7059","post","type-post","status-publish","format-standard","has-post-thumbnail","hentry","category-internacional"],"_links":{"self":[{"href":"https:\/\/tvc16.com\/portal\/wp-json\/wp\/v2\/posts\/7059","targetHints":{"allow":["GET"]}}],"collection":[{"href":"https:\/\/tvc16.com\/portal\/wp-json\/wp\/v2\/posts"}],"about":[{"href":"https:\/\/tvc16.com\/portal\/wp-json\/wp\/v2\/types\/post"}],"author":[{"embeddable":true,"href":"https:\/\/tvc16.com\/portal\/wp-json\/wp\/v2\/users\/2"}],"replies":[{"embeddable":true,"href":"https:\/\/tvc16.com\/portal\/wp-json\/wp\/v2\/comments?post=7059"}],"version-history":[{"count":1,"href":"https:\/\/tvc16.com\/portal\/wp-json\/wp\/v2\/posts\/7059\/revisions"}],"predecessor-version":[{"id":7061,"href":"https:\/\/tvc16.com\/portal\/wp-json\/wp\/v2\/posts\/7059\/revisions\/7061"}],"wp:featuredmedia":[{"embeddable":true,"href":"https:\/\/tvc16.com\/portal\/wp-json\/wp\/v2\/media\/7060"}],"wp:attachment":[{"href":"https:\/\/tvc16.com\/portal\/wp-json\/wp\/v2\/media?parent=7059"}],"wp:term":[{"taxonomy":"category","embeddable":true,"href":"https:\/\/tvc16.com\/portal\/wp-json\/wp\/v2\/categories?post=7059"},{"taxonomy":"post_tag","embeddable":true,"href":"https:\/\/tvc16.com\/portal\/wp-json\/wp\/v2\/tags?post=7059"}],"curies":[{"name":"wp","href":"https:\/\/api.w.org\/{rel}","templated":true}]}}