{"id":7062,"date":"2020-11-30T17:52:47","date_gmt":"2020-11-30T20:52:47","guid":{"rendered":"https:\/\/tvc16.com\/portal\/?p=7062"},"modified":"2020-11-30T17:52:49","modified_gmt":"2020-11-30T20:52:49","slug":"presidente-do-tse-diz-que-combater-a-covid-19-e-as-fake-news-foram-prioridade-durante-as-eleicoes","status":"publish","type":"post","link":"https:\/\/tvc16.com\/portal\/2020\/11\/30\/presidente-do-tse-diz-que-combater-a-covid-19-e-as-fake-news-foram-prioridade-durante-as-eleicoes\/","title":{"rendered":"Presidente do TSE diz que combater a Covid-19 e as Fake News foram prioridade durante as elei\u00e7\u00f5es"},"content":{"rendered":"\n<p>Com o final do segundo turno das elei\u00e7\u00f5es deste ano, o presidente do TSE, Lu\u00eds Roberto Barroso, divulgou informa\u00e7\u00f5es a respeito da disputa nos estados e explicou que estas elei\u00e7\u00f5es de 2020 tiveram um cen\u00e1rio completamente at\u00edpico por conta da pandemia da Covid-19, o que gerou uma s\u00e9rie de dificuldades e questionamentos sobre a realiza\u00e7\u00e3o do pleito. Apesar disso, o tribunal foi firme em manter a disputa democr\u00e1tica ainda este ano sem ampliar o mandato dos atuais mandat\u00e1rios pelas cidades.<br><br>Assim, um dos maiores objetivos dessas elei\u00e7\u00f5es foi conciliar o rito democr\u00e1tico do voto com a <strong><a href=\"https:\/\/www.tse.jus.br\/imprensa\/noticias-tse\/2020\/Novembro\/protocolos-sanitarios-continuam-valendo-para-o-2o-turno-das-eleicoes-2020\">prote\u00e7\u00e3o da sa\u00fade p\u00fablica<\/a><\/strong> \u2013 o que segundo o magistrado foi uma miss\u00e3o cumprida. Outro ponto importante para estas elei\u00e7\u00f5es foi o combate \u00e0 fake news, como destacou Lu\u00eds Roberto Barroso.<br><br>\u201cN\u00f3s tivemos, nestas elei\u00e7\u00f5es, de enfrentar as campanhas de desinforma\u00e7\u00e3o, as campanhas de not\u00edcias fraudulentas tamb\u00e9m apelidadas de fake news. E para isso fizemos parcerias com todas as redes sociais para enfrentarem os comportamentos coordenados e inaut\u00eanticos das redes sociais. Tanto que fizemos um enfrentamento sem controle de conte\u00fado, como regra geral, mas com controle de comportamentos. Com isso derrubamos uma imensa quantidade de contas fraudulentas nas diferentes m\u00eddias sociais\u201d, afirmou o presidente do TSE.<br><\/p>\n\n\n\n<p>Quando questionado sobre a seguran\u00e7a dos votos pelas urnas eletr\u00f4nicas, Lu\u00eds Roberto Barroso, que \u00e9 ministro do Supremo Tribunal Federal, afirmou que nunca houve provas de fraude desde que as urnas eletr\u00f4nicas come\u00e7aram a ser usadas, h\u00e1 mais de 20 anos e que n\u00e3o defende o retorno do voto de papel \u2013 e n\u00e3o apenas pelo gasto de R$ 2,5 bilh\u00f5es de reais que isso pode gerar ao Pa\u00eds, mas porque representaria um risco real ao sigilo para o voto.<\/p>\n\n\n\n<p>Fonte: <a href=\"https:\/\/brasil61.com\/noticias\/presidente-do-tse-diz-que-combater-a-covid-19-e-as-fake-news-foram-prioridade-durante-as-eleicoes-bras202816\" target=\"_blank\" rel=\"noreferrer noopener\">Brasil 61<\/a><\/p>\n","protected":false},"excerpt":{"rendered":"<p>Com o final do segundo turno das elei\u00e7\u00f5es deste ano, o presidente do TSE, Lu\u00eds<\/p>\n","protected":false},"author":2,"featured_media":7063,"comment_status":"open","ping_status":"open","sticky":false,"template":"","format":"standard","meta":{"footnotes":""},"categories":[15],"tags":[],"class_list":["post-7062","post","type-post","status-publish","format-standard","has-post-thumbnail","hentry","category-politica"],"_links":{"self":[{"href":"https:\/\/tvc16.com\/portal\/wp-json\/wp\/v2\/posts\/7062","targetHints":{"allow":["GET"]}}],"collection":[{"href":"https:\/\/tvc16.com\/portal\/wp-json\/wp\/v2\/posts"}],"about":[{"href":"https:\/\/tvc16.com\/portal\/wp-json\/wp\/v2\/types\/post"}],"author":[{"embeddable":true,"href":"https:\/\/tvc16.com\/portal\/wp-json\/wp\/v2\/users\/2"}],"replies":[{"embeddable":true,"href":"https:\/\/tvc16.com\/portal\/wp-json\/wp\/v2\/comments?post=7062"}],"version-history":[{"count":1,"href":"https:\/\/tvc16.com\/portal\/wp-json\/wp\/v2\/posts\/7062\/revisions"}],"predecessor-version":[{"id":7064,"href":"https:\/\/tvc16.com\/portal\/wp-json\/wp\/v2\/posts\/7062\/revisions\/7064"}],"wp:featuredmedia":[{"embeddable":true,"href":"https:\/\/tvc16.com\/portal\/wp-json\/wp\/v2\/media\/7063"}],"wp:attachment":[{"href":"https:\/\/tvc16.com\/portal\/wp-json\/wp\/v2\/media?parent=7062"}],"wp:term":[{"taxonomy":"category","embeddable":true,"href":"https:\/\/tvc16.com\/portal\/wp-json\/wp\/v2\/categories?post=7062"},{"taxonomy":"post_tag","embeddable":true,"href":"https:\/\/tvc16.com\/portal\/wp-json\/wp\/v2\/tags?post=7062"}],"curies":[{"name":"wp","href":"https:\/\/api.w.org\/{rel}","templated":true}]}}