{"id":7074,"date":"2020-11-30T18:04:12","date_gmt":"2020-11-30T21:04:12","guid":{"rendered":"https:\/\/tvc16.com\/portal\/?p=7074"},"modified":"2020-11-30T18:04:16","modified_gmt":"2020-11-30T21:04:16","slug":"covid-19-aumento-no-numero-de-casos-leva-governo-de-rondonia-a-editar-novas-medidas-de-controle","status":"publish","type":"post","link":"https:\/\/tvc16.com\/portal\/2020\/11\/30\/covid-19-aumento-no-numero-de-casos-leva-governo-de-rondonia-a-editar-novas-medidas-de-controle\/","title":{"rendered":"Covid-19: Aumento no n\u00famero de casos leva governo de Rond\u00f4nia a editar novas medidas de controle"},"content":{"rendered":"\n<p>Com uma poss\u00edvel segunda onda da covid-19 e o aumento no n\u00famero de casos da doen\u00e7a, o governo de Rond\u00f4nia editou novas medidas de controle, por meio de <a href=\"http:\/\/portaria%20conjunta%20no%2026\/\" target=\"_blank\" rel=\"noreferrer noopener\">portaria<\/a>, para reclassificar a posi\u00e7\u00e3o de alguns munic\u00edpios. A capital, que j\u00e1 estava na Fase 4 do <a href=\"http:\/\/www.rondonia.ro.gov.br\/covid-19\/institucional\/plano-de-acao-todos-por-rondonia\/\" target=\"_blank\" rel=\"noreferrer noopener\">Plano Todos por Rond\u00f4nia<\/a>, retornou para a Fase 3, em virtude do n\u00famero alto de infec\u00e7\u00f5es e a sobrecarga na ocupa\u00e7\u00e3o de leitos hospitalares.&nbsp;<\/p>\n\n\n\n<p>Na \u00faltima semana, Porto Velho apresentou quase mil novos casos, com uma taxa de 9,58% de crescimento. A mudan\u00e7a de comportamento dos rondonienses fez com que a taxa de ocupa\u00e7\u00e3o das Unidades de Terapia Intensiva (UTIs) voltasse a crescer em 43%.\u00a0<\/p>\n\n\n\n<p>Segundo o governo, as medidas baixadas pela Portaria Governamental visam o controle das atividades que possam provocar a dissemina\u00e7\u00e3o da covid-19, como aglomera\u00e7\u00f5es desnecess\u00e1rias.&nbsp;<\/p>\n\n\n\n<p>Apenas os munic\u00edpios de Ariquemes e Theobroma permanecem na Fase 4. O restante se divide entre as Fases 3 e 2. Com isso, algumas atividades voltaram a ser vedadas, como cinemas, teatros e museus, que na Fase 3 poderiam funcionar com 50% da capacidade e proibi\u00e7\u00e3o de consumo de alimentos nas instala\u00e7\u00f5es.&nbsp;<\/p>\n\n\n\n<p>As informa\u00e7\u00f5es detalhadas sobre o conjunto das atividades autorizadas e vedadas em todo estado, divididas por fase, est\u00e3o em <a href=\"http:\/\/www.rondonia.ro.gov.br\/nova-classificacao-dos-municipios-de-rondonia-comeca-a-vigorar-a-partir-desta-sexta-feira-14\/\" target=\"_blank\" rel=\"noreferrer noopener\">http:\/\/www.rondonia.ro.gov.br<\/a>.&nbsp;<\/p>\n\n\n\n<p>Fonte: <a href=\"https:\/\/brasil61.com\/noticias\/covid-19-aumento-no-numero-de-casos-leva-governo-de-rondonia-a-editar-novas-medidas-de-controle-bras202836\" target=\"_blank\" rel=\"noreferrer noopener\">Brasil 61<\/a><\/p>\n","protected":false},"excerpt":{"rendered":"<p>Com uma poss\u00edvel segunda onda da covid-19 e o aumento no n\u00famero de casos da<\/p>\n","protected":false},"author":2,"featured_media":7075,"comment_status":"open","ping_status":"open","sticky":false,"template":"","format":"standard","meta":{"footnotes":""},"categories":[17],"tags":[],"class_list":["post-7074","post","type-post","status-publish","format-standard","has-post-thumbnail","hentry","category-outras-noticias"],"_links":{"self":[{"href":"https:\/\/tvc16.com\/portal\/wp-json\/wp\/v2\/posts\/7074","targetHints":{"allow":["GET"]}}],"collection":[{"href":"https:\/\/tvc16.com\/portal\/wp-json\/wp\/v2\/posts"}],"about":[{"href":"https:\/\/tvc16.com\/portal\/wp-json\/wp\/v2\/types\/post"}],"author":[{"embeddable":true,"href":"https:\/\/tvc16.com\/portal\/wp-json\/wp\/v2\/users\/2"}],"replies":[{"embeddable":true,"href":"https:\/\/tvc16.com\/portal\/wp-json\/wp\/v2\/comments?post=7074"}],"version-history":[{"count":1,"href":"https:\/\/tvc16.com\/portal\/wp-json\/wp\/v2\/posts\/7074\/revisions"}],"predecessor-version":[{"id":7076,"href":"https:\/\/tvc16.com\/portal\/wp-json\/wp\/v2\/posts\/7074\/revisions\/7076"}],"wp:featuredmedia":[{"embeddable":true,"href":"https:\/\/tvc16.com\/portal\/wp-json\/wp\/v2\/media\/7075"}],"wp:attachment":[{"href":"https:\/\/tvc16.com\/portal\/wp-json\/wp\/v2\/media?parent=7074"}],"wp:term":[{"taxonomy":"category","embeddable":true,"href":"https:\/\/tvc16.com\/portal\/wp-json\/wp\/v2\/categories?post=7074"},{"taxonomy":"post_tag","embeddable":true,"href":"https:\/\/tvc16.com\/portal\/wp-json\/wp\/v2\/tags?post=7074"}],"curies":[{"name":"wp","href":"https:\/\/api.w.org\/{rel}","templated":true}]}}