{"id":7077,"date":"2020-11-30T18:06:46","date_gmt":"2020-11-30T21:06:46","guid":{"rendered":"https:\/\/tvc16.com\/portal\/?p=7077"},"modified":"2020-11-30T18:06:48","modified_gmt":"2020-11-30T21:06:48","slug":"anatel-autoriza-repasse-de-recursos-para-projetos-de-interiorizacao-da-tv-digital-no-brasil-e-democratizacao-da-internet","status":"publish","type":"post","link":"https:\/\/tvc16.com\/portal\/2020\/11\/30\/anatel-autoriza-repasse-de-recursos-para-projetos-de-interiorizacao-da-tv-digital-no-brasil-e-democratizacao-da-internet\/","title":{"rendered":"Anatel autoriza repasse de recursos para projetos de interioriza\u00e7\u00e3o da TV Digital no Brasil e democratiza\u00e7\u00e3o da internet"},"content":{"rendered":"\n<p>A Ag\u00eancia Nacional de Telecomunica\u00e7\u00f5es (Anatel) autorizou o repasse de verba para projetos de interioriza\u00e7\u00e3o da TV Digital e democratiza\u00e7\u00e3o da internet no pa\u00eds. Os recursos s\u00e3o provenientes da Entidade Administradora da Digitaliza\u00e7\u00e3o (EAD) e giram em torno de um bilh\u00e3o de reais.<br><br>O repasse ser\u00e1 feito em duas parcelas. Segundo a Anatel, a primeira fase ocorrer\u00e1 assim que todos os requisitos do cronograma forem cumpridos, com o repasse das primeiras parcelas. A segunda est\u00e1 programada para maio de 2022 e a finaliza\u00e7\u00e3o dos projetos selecionados est\u00e1 prevista para o final de 2023.<\/p>\n\n\n\n<p><br>At\u00e9 o momento, duas propostas j\u00e1 receberam o sinal verde para recebimento dos recursos. Uma delas \u00e9 o\u00a0Projeto do Setor de Radiodifus\u00e3o, que deve atender cerca de 1,7 mil munic\u00edpios de pequeno porte.<br><br>O segundo projeto aprovado \u00e9 o Programa Amaz\u00f4nia Integrada e Sustent\u00e1vel (Pais), que tem por objetivo expandir a infraestrutura de comunica\u00e7\u00f5es na regi\u00e3o da floresta tropical.<\/p>\n\n\n\n<p>Fonte: <a href=\"https:\/\/brasil61.com\/noticias\/anatel-autoriza-repasse-de-recursos-para-projetos-de-interiorizacao-da-tv-digital-no-brasil-e-democratizacao-da-internet-bras202822\" target=\"_blank\" rel=\"noreferrer noopener\">Brasil 61<\/a><\/p>\n","protected":false},"excerpt":{"rendered":"<p>A Ag\u00eancia Nacional de Telecomunica\u00e7\u00f5es (Anatel) autorizou o repasse de verba para projetos de interioriza\u00e7\u00e3o<\/p>\n","protected":false},"author":2,"featured_media":7078,"comment_status":"open","ping_status":"open","sticky":false,"template":"","format":"standard","meta":{"footnotes":""},"categories":[17],"tags":[],"class_list":["post-7077","post","type-post","status-publish","format-standard","has-post-thumbnail","hentry","category-outras-noticias"],"_links":{"self":[{"href":"https:\/\/tvc16.com\/portal\/wp-json\/wp\/v2\/posts\/7077","targetHints":{"allow":["GET"]}}],"collection":[{"href":"https:\/\/tvc16.com\/portal\/wp-json\/wp\/v2\/posts"}],"about":[{"href":"https:\/\/tvc16.com\/portal\/wp-json\/wp\/v2\/types\/post"}],"author":[{"embeddable":true,"href":"https:\/\/tvc16.com\/portal\/wp-json\/wp\/v2\/users\/2"}],"replies":[{"embeddable":true,"href":"https:\/\/tvc16.com\/portal\/wp-json\/wp\/v2\/comments?post=7077"}],"version-history":[{"count":1,"href":"https:\/\/tvc16.com\/portal\/wp-json\/wp\/v2\/posts\/7077\/revisions"}],"predecessor-version":[{"id":7079,"href":"https:\/\/tvc16.com\/portal\/wp-json\/wp\/v2\/posts\/7077\/revisions\/7079"}],"wp:featuredmedia":[{"embeddable":true,"href":"https:\/\/tvc16.com\/portal\/wp-json\/wp\/v2\/media\/7078"}],"wp:attachment":[{"href":"https:\/\/tvc16.com\/portal\/wp-json\/wp\/v2\/media?parent=7077"}],"wp:term":[{"taxonomy":"category","embeddable":true,"href":"https:\/\/tvc16.com\/portal\/wp-json\/wp\/v2\/categories?post=7077"},{"taxonomy":"post_tag","embeddable":true,"href":"https:\/\/tvc16.com\/portal\/wp-json\/wp\/v2\/tags?post=7077"}],"curies":[{"name":"wp","href":"https:\/\/api.w.org\/{rel}","templated":true}]}}