{"id":70770,"date":"2023-10-24T09:59:54","date_gmt":"2023-10-24T12:59:54","guid":{"rendered":"https:\/\/tvc16.com\/portal\/?p=70770"},"modified":"2023-10-24T09:59:55","modified_gmt":"2023-10-24T12:59:55","slug":"governador-determina-que-todas-as-forcas-de-seguranca-permanecam-nas-ruas-para-garantir-o-direito-de-ir-e-vir-da-populacao","status":"publish","type":"post","link":"https:\/\/tvc16.com\/portal\/2023\/10\/24\/governador-determina-que-todas-as-forcas-de-seguranca-permanecam-nas-ruas-para-garantir-o-direito-de-ir-e-vir-da-populacao\/","title":{"rendered":"Governador determina que todas as For\u00e7as de Seguran\u00e7a permane\u00e7am nas ruas para garantir o direito de ir e vir da popula\u00e7\u00e3o"},"content":{"rendered":"\n<p><em>Em reuni\u00e3o com a c\u00fapula da seguran\u00e7a no CICC, governador reafirma que qualquer tentativa de enfrentamento ao poder do Estado ser\u00e1 combatida<\/em>.<\/p>\n\n\n\n<p>O governador Cl\u00e1udio Castro se reuniu com lideran\u00e7as das For\u00e7as de Seguran\u00e7a do Estado do Rio de Janeiro na manh\u00e3 desta ter\u00e7a-feira (24), no Centro Integrado de Comando e Controle (CICC), na Cidade Nova. O objetivo foi monitorar as a\u00e7\u00f5es integradas que acontecem em toda a cidade do Rio desde a tarde de ontem, em combate a atos denominados pelo governador como terroristas.<\/p>\n\n\n\n<p>&#8211; Estou desde ontem monitorando de perto as a\u00e7\u00f5es que ocorrem em toda a cidade do Rio para reprimir atos que dificultem o direito de ir e vir da popula\u00e7\u00e3o. Estamos asfixiando o crime organizado, essa \u00e9 a resposta do Estado para atos violentos como os ocorridos ontem. Elaboramos um plano de conting\u00eancia para reprimir esses criminosos. Dos doze detidos pelos ataques aos \u00f4nibus, seis tiveram a pris\u00e3o confirmada, com ind\u00edcio de autoria. Outros seis foram liberados por falta de provas. As investiga\u00e7\u00f5es continuam e vamos prender todos esses criminosos. A Pol\u00edcia Civil agiu dentro da t\u00e9cnica &#8211; declarou o governador.<\/p>\n\n\n\n<p>Uma a\u00e7\u00e3o integrada entre as pol\u00edcias Militar, Civil, Corpo de Bombeiros e Defesa Civil restabeleceu a seguran\u00e7a em bairros da Zona Oeste do Rio, ap\u00f3s os epis\u00f3dios de viol\u00eancia ocorridos como consequ\u00eancia da pris\u00e3o do miliciano Matheus Silva Rezende, sobrinho de Zinho &#8211; chefe da maior mil\u00edcia do Rio de Janeiro.<\/p>\n\n\n\n<p>&#8211; Desde as primeiras horas de hoje, 80% da frota de \u00f4nibus est\u00e1 circulando normalmente. Assim como trens e departamentos de sa\u00fade, como cl\u00ednicas da fam\u00edlia, tamb\u00e9m est\u00e3o funcionando &#8211; ressaltou Castro.<\/p>\n\n\n\n<p>O governador destacou ainda que o Governo est\u00e1 em estado m\u00e1ximo de alerta e que a orienta\u00e7\u00e3o dada \u00e9 para que todas as For\u00e7as de Seguran\u00e7a permane\u00e7am nas ruas, com helic\u00f3pteros, drones, viaturas e agentes, para garantir a normalidade e tranquilidade da popula\u00e7\u00e3o.<\/p>\n","protected":false},"excerpt":{"rendered":"<p>Em reuni\u00e3o com a c\u00fapula da seguran\u00e7a no CICC, governador reafirma que qualquer tentativa de<\/p>\n","protected":false},"author":2,"featured_media":70771,"comment_status":"open","ping_status":"open","sticky":false,"template":"","format":"standard","meta":{"footnotes":""},"categories":[17],"tags":[],"class_list":["post-70770","post","type-post","status-publish","format-standard","has-post-thumbnail","hentry","category-outras-noticias"],"_links":{"self":[{"href":"https:\/\/tvc16.com\/portal\/wp-json\/wp\/v2\/posts\/70770","targetHints":{"allow":["GET"]}}],"collection":[{"href":"https:\/\/tvc16.com\/portal\/wp-json\/wp\/v2\/posts"}],"about":[{"href":"https:\/\/tvc16.com\/portal\/wp-json\/wp\/v2\/types\/post"}],"author":[{"embeddable":true,"href":"https:\/\/tvc16.com\/portal\/wp-json\/wp\/v2\/users\/2"}],"replies":[{"embeddable":true,"href":"https:\/\/tvc16.com\/portal\/wp-json\/wp\/v2\/comments?post=70770"}],"version-history":[{"count":1,"href":"https:\/\/tvc16.com\/portal\/wp-json\/wp\/v2\/posts\/70770\/revisions"}],"predecessor-version":[{"id":70772,"href":"https:\/\/tvc16.com\/portal\/wp-json\/wp\/v2\/posts\/70770\/revisions\/70772"}],"wp:featuredmedia":[{"embeddable":true,"href":"https:\/\/tvc16.com\/portal\/wp-json\/wp\/v2\/media\/70771"}],"wp:attachment":[{"href":"https:\/\/tvc16.com\/portal\/wp-json\/wp\/v2\/media?parent=70770"}],"wp:term":[{"taxonomy":"category","embeddable":true,"href":"https:\/\/tvc16.com\/portal\/wp-json\/wp\/v2\/categories?post=70770"},{"taxonomy":"post_tag","embeddable":true,"href":"https:\/\/tvc16.com\/portal\/wp-json\/wp\/v2\/tags?post=70770"}],"curies":[{"name":"wp","href":"https:\/\/api.w.org\/{rel}","templated":true}]}}