{"id":70773,"date":"2023-10-24T11:30:00","date_gmt":"2023-10-24T14:30:00","guid":{"rendered":"https:\/\/tvc16.com\/portal\/?p=70773"},"modified":"2023-10-24T10:30:18","modified_gmt":"2023-10-24T13:30:18","slug":"operacao-frank-prende-homem-que-se-passava-por-policial-federal","status":"publish","type":"post","link":"https:\/\/tvc16.com\/portal\/2023\/10\/24\/operacao-frank-prende-homem-que-se-passava-por-policial-federal\/","title":{"rendered":"Opera\u00e7\u00e3o Frank prende homem que se passava por Policial Federal"},"content":{"rendered":"\n<p><em>Um homem que se passava por policial federal foi preso na a\u00e7\u00e3o. Ele tamb\u00e9m responder\u00e1 por armazenar em seu celular m\u00eddias contendo abuso sexual infanto-juvenil.<\/em><\/p>\n\n\n\n<p>Nesta ter\u00e7a-feira (24), a Pol\u00edcia Federal deflagrou a Opera\u00e7\u00e3o FRANK com o objetivo de interromper a atua\u00e7\u00e3o de um investigado que vinha se passando por agente da Pol\u00edcia Federal, n\u00e3o s\u00f3 em ambientes internos e privados, mas tamb\u00e9m em espa\u00e7os p\u00fablicos. Os policiais federais cumpriram um mandado de pris\u00e3o preventiva e outro de busca e apreens\u00e3o, ambos expedidos pela 2\u00aa Vara Federal de Niter\u00f3i\/RJ, na cidade de S\u00e3o Gon\u00e7alo\/RJ.<\/p>\n\n\n\n<p>O homem \u201dprestou servi\u00e7o\u201d de apoio e seguran\u00e7a em ambos os turnos das \u00faltimas elei\u00e7\u00f5es, em uma zona eleitoral de S\u00e3o Gon\u00e7alo. Segundo relato de um servidor do Tribunal Regional Eleitoral do Rio de Janeiro (TRE\/RJ), o homem estava uniformizado e portava uma suposta arma de fogo, al\u00e9m de distintivo.<\/p>\n\n\n\n<figure class=\"wp-block-image size-large\"><img loading=\"lazy\" decoding=\"async\" width=\"1024\" height=\"768\" src=\"https:\/\/tvc16.com\/portal\/wp-content\/uploads\/2023\/10\/LOCV-OPERACAO-FRANK-1-1024x768.jpeg\" alt=\"\" class=\"wp-image-70775\" srcset=\"https:\/\/tvc16.com\/portal\/wp-content\/uploads\/2023\/10\/LOCV-OPERACAO-FRANK-1-1024x768.jpeg 1024w, https:\/\/tvc16.com\/portal\/wp-content\/uploads\/2023\/10\/LOCV-OPERACAO-FRANK-1-300x225.jpeg 300w, https:\/\/tvc16.com\/portal\/wp-content\/uploads\/2023\/10\/LOCV-OPERACAO-FRANK-1-768x576.jpeg 768w, https:\/\/tvc16.com\/portal\/wp-content\/uploads\/2023\/10\/LOCV-OPERACAO-FRANK-1-1536x1152.jpeg 1536w, https:\/\/tvc16.com\/portal\/wp-content\/uploads\/2023\/10\/LOCV-OPERACAO-FRANK-1-200x150.jpeg 200w, https:\/\/tvc16.com\/portal\/wp-content\/uploads\/2023\/10\/LOCV-OPERACAO-FRANK-1.jpeg 1600w\" sizes=\"auto, (max-width: 1024px) 100vw, 1024px\" \/><\/figure>\n\n\n\n<p>O investigado tamb\u00e9m mantinha em seu celular fotos usando uniforme com emblemas da Pol\u00edcia Federal, assim como colete t\u00e1tico, distintivo e suposta arma de fogo. O falso policial utilizava-se, ainda, de fotos tiradas em frente \u00e0 Superintend\u00eancia da PF no Rio de Janeiro para embasar sua hist\u00f3ria. Com o uso indevido dos s\u00edmbolos da corpora\u00e7\u00e3o, o criminoso se aproveitou de terceiros para subtrair dinheiro e at\u00e9 ve\u00edculo de uma v\u00edtima.<\/p>\n\n\n\n<figure class=\"wp-block-image size-large\"><img loading=\"lazy\" decoding=\"async\" width=\"1024\" height=\"664\" src=\"https:\/\/tvc16.com\/portal\/wp-content\/uploads\/2023\/10\/locv-operacao-frank-4-1024x664.jpeg\" alt=\"\" class=\"wp-image-70776\" srcset=\"https:\/\/tvc16.com\/portal\/wp-content\/uploads\/2023\/10\/locv-operacao-frank-4-1024x664.jpeg 1024w, https:\/\/tvc16.com\/portal\/wp-content\/uploads\/2023\/10\/locv-operacao-frank-4-300x194.jpeg 300w, https:\/\/tvc16.com\/portal\/wp-content\/uploads\/2023\/10\/locv-operacao-frank-4-768x498.jpeg 768w, https:\/\/tvc16.com\/portal\/wp-content\/uploads\/2023\/10\/locv-operacao-frank-4-370x241.jpeg 370w, https:\/\/tvc16.com\/portal\/wp-content\/uploads\/2023\/10\/locv-operacao-frank-4-761x492.jpeg 761w, https:\/\/tvc16.com\/portal\/wp-content\/uploads\/2023\/10\/locv-operacao-frank-4.jpeg 1080w\" sizes=\"auto, (max-width: 1024px) 100vw, 1024px\" \/><\/figure>\n\n\n\n<p>Em adi\u00e7\u00e3o ao crime de falsifica\u00e7\u00e3o e uso do selo ou sinal p\u00fablico, as investiga\u00e7\u00f5es revelaram que o preso tamb\u00e9m cometeu o delito de armazenamento de conte\u00fado pornogr\u00e1fico infanto-juvenil, visto que foram encontradas em seu aparelho celular m\u00eddias contendo abuso sexual de crian\u00e7as e adolescentes.<\/p>\n\n\n\n<p>O criminoso j\u00e1 havia sido alvo de uma a\u00e7\u00e3o da PF em agosto deste ano, quando policiais federais apreenderam um aparelho celular, algemas, cal\u00e7a t\u00e1tica, coturno, colete t\u00e1tico com s\u00edmbolo da corpora\u00e7\u00e3o e a inscri\u00e7\u00e3o \u201cPOL\u00cdCIA FEDERAL\u201d, duas camisas com s\u00edmbolos da PF, coldres, um simulacro de arma de fogo, dois r\u00e1dios comunicadores, al\u00e9m de outros acess\u00f3rios que eram utilizados pelo preso.<\/p>\n\n\n\n<p>O investigado responder\u00e1 pelos crimes de falsifica\u00e7\u00e3o do selo ou sinal p\u00fablico e armazenamento de conte\u00fado pornogr\u00e1fico infanto-juvenil, cujas penas m\u00e1ximas somam 10 anos de reclus\u00e3o.<\/p>\n\n\n\n<p>O nome da opera\u00e7\u00e3o remete \u00e0 hist\u00f3ria protagonizada por Leonardo DiCaprio no filme \u201cPrenda-me Se For Capaz\u201d, o qual retrata a trajet\u00f3ria de Frank Abagnale Jr. O protagonista em quest\u00e3o exerce m\u00faltiplas profiss\u00f5es de forma fraudulenta, mas acaba sendo preso pelo agente do FBI Carl Hanratty, que usa todos os meios que possui ao seu dispor para encontrar Frank e captur\u00e1-lo.<\/p>\n\n\n\n<p><em>Comunica\u00e7\u00e3o Social da Pol\u00edcia Federal no Rio de Janeiro<\/em><\/p>\n","protected":false},"excerpt":{"rendered":"<p>Um homem que se passava por policial federal foi preso na a\u00e7\u00e3o. Ele tamb\u00e9m responder\u00e1<\/p>\n","protected":false},"author":2,"featured_media":70774,"comment_status":"open","ping_status":"open","sticky":false,"template":"","format":"standard","meta":{"footnotes":""},"categories":[17],"tags":[],"class_list":["post-70773","post","type-post","status-publish","format-standard","has-post-thumbnail","hentry","category-outras-noticias"],"_links":{"self":[{"href":"https:\/\/tvc16.com\/portal\/wp-json\/wp\/v2\/posts\/70773","targetHints":{"allow":["GET"]}}],"collection":[{"href":"https:\/\/tvc16.com\/portal\/wp-json\/wp\/v2\/posts"}],"about":[{"href":"https:\/\/tvc16.com\/portal\/wp-json\/wp\/v2\/types\/post"}],"author":[{"embeddable":true,"href":"https:\/\/tvc16.com\/portal\/wp-json\/wp\/v2\/users\/2"}],"replies":[{"embeddable":true,"href":"https:\/\/tvc16.com\/portal\/wp-json\/wp\/v2\/comments?post=70773"}],"version-history":[{"count":1,"href":"https:\/\/tvc16.com\/portal\/wp-json\/wp\/v2\/posts\/70773\/revisions"}],"predecessor-version":[{"id":70777,"href":"https:\/\/tvc16.com\/portal\/wp-json\/wp\/v2\/posts\/70773\/revisions\/70777"}],"wp:featuredmedia":[{"embeddable":true,"href":"https:\/\/tvc16.com\/portal\/wp-json\/wp\/v2\/media\/70774"}],"wp:attachment":[{"href":"https:\/\/tvc16.com\/portal\/wp-json\/wp\/v2\/media?parent=70773"}],"wp:term":[{"taxonomy":"category","embeddable":true,"href":"https:\/\/tvc16.com\/portal\/wp-json\/wp\/v2\/categories?post=70773"},{"taxonomy":"post_tag","embeddable":true,"href":"https:\/\/tvc16.com\/portal\/wp-json\/wp\/v2\/tags?post=70773"}],"curies":[{"name":"wp","href":"https:\/\/api.w.org\/{rel}","templated":true}]}}