{"id":70790,"date":"2023-10-24T17:53:59","date_gmt":"2023-10-24T20:53:59","guid":{"rendered":"https:\/\/tvc16.com\/portal\/?p=70790"},"modified":"2023-10-24T17:54:01","modified_gmt":"2023-10-24T20:54:01","slug":"mulher-e-presa-em-flagrante-por-racismo-em-petropolis","status":"publish","type":"post","link":"https:\/\/tvc16.com\/portal\/2023\/10\/24\/mulher-e-presa-em-flagrante-por-racismo-em-petropolis\/","title":{"rendered":"Mulher \u00e9 presa em flagrante por racismo em Petr\u00f3polis."},"content":{"rendered":"\n<p>Uma cobradora sofreu ofensas racistas nesta ter\u00e7a-feira em Petr\u00f3polis, e a acusada de praticar a agress\u00e3o, uma mulher de 58 anos, foi presa em flagrante.<\/p>\n\n\n\n<p>O caso aconteceu por volta das nove horas da manh\u00e3 desta ter\u00e7a-feira em Petr\u00f3polis. Os policiais receberam a den\u00fancia de populares, informando que havia acontecido um caso de racismo dentro do \u00f4nibus 700 da empresa Turp.<\/p>\n\n\n\n<p>Segundo a den\u00fancia, uma mulher de 58 anos havia dito que a cobradora de 21 anos era uma macaca, preta do cabelo duro e havia mandado-a cortar o cabelo. Em seguida, jogado cascas de banana na cobradora. A informa\u00e7\u00e3o foi confirmada pelo motorista do coletivo.<\/p>\n\n\n\n<p>Os passageiros se revoltaram com a atitude da acusada, e o motorista do \u00f4nibus resolveu parar o coletivo na 105\u00aa Delegacia de Pol\u00edcia no Retiro para registrar a ocorr\u00eancia.<\/p>\n\n\n\n<p>No local, a mulher de 58 anos, ao ser questionada, desconversou sobre o assunto e forneceu dados qualificativos inver\u00eddicos para n\u00e3o ser identificada. O fato foi apresentado para autoridade policial de plant\u00e3o que determinou a lavratura.<\/p>\n\n\n\n<p>SINDICATO DOS RODOVI\u00c1RIOS<br>A diretoria do Sindicato dos Trabalhadores em Transportes Rodovi\u00e1rios de Petr\u00f3polis tomou ci\u00eancia do caso de racismo praticado em Petr\u00f3polis contra uma cobradora por meio de jornal de grande circula\u00e7\u00e3o e gostaria de pontuar que vem a p\u00fablico prestar solidariedade para com a trabalhadora.<\/p>\n\n\n\n<p>Al\u00e9m disso, o sindicato oferece os servi\u00e7os de atendimento Jur\u00eddico para os procedimentos que se fizerem necess\u00e1rios, bem como o acompanhamento Psicol\u00f3gico. Os servi\u00e7os aqui mencionados s\u00e3o oferecidos gratuitamente para trabalhadores rodovi\u00e1rios associados.<\/p>\n\n\n\n<p>\u201cQueremos externar a nossa indigna\u00e7\u00e3o em nome de toda a diretoria e de verdade nos colocarmos a disposi\u00e7\u00e3o da trabalhadora brutalmente ofendida\u201d, ponderou Glauco da Costa, presidente do Sind. Rodovi\u00e1rios.<\/p>\n","protected":false},"excerpt":{"rendered":"<p>Uma cobradora sofreu ofensas racistas nesta ter\u00e7a-feira em Petr\u00f3polis, e a acusada de praticar a<\/p>\n","protected":false},"author":2,"featured_media":24580,"comment_status":"open","ping_status":"open","sticky":false,"template":"","format":"standard","meta":{"footnotes":""},"categories":[12],"tags":[],"class_list":["post-70790","post","type-post","status-publish","format-standard","has-post-thumbnail","hentry","category-cidade"],"_links":{"self":[{"href":"https:\/\/tvc16.com\/portal\/wp-json\/wp\/v2\/posts\/70790","targetHints":{"allow":["GET"]}}],"collection":[{"href":"https:\/\/tvc16.com\/portal\/wp-json\/wp\/v2\/posts"}],"about":[{"href":"https:\/\/tvc16.com\/portal\/wp-json\/wp\/v2\/types\/post"}],"author":[{"embeddable":true,"href":"https:\/\/tvc16.com\/portal\/wp-json\/wp\/v2\/users\/2"}],"replies":[{"embeddable":true,"href":"https:\/\/tvc16.com\/portal\/wp-json\/wp\/v2\/comments?post=70790"}],"version-history":[{"count":1,"href":"https:\/\/tvc16.com\/portal\/wp-json\/wp\/v2\/posts\/70790\/revisions"}],"predecessor-version":[{"id":70791,"href":"https:\/\/tvc16.com\/portal\/wp-json\/wp\/v2\/posts\/70790\/revisions\/70791"}],"wp:featuredmedia":[{"embeddable":true,"href":"https:\/\/tvc16.com\/portal\/wp-json\/wp\/v2\/media\/24580"}],"wp:attachment":[{"href":"https:\/\/tvc16.com\/portal\/wp-json\/wp\/v2\/media?parent=70790"}],"wp:term":[{"taxonomy":"category","embeddable":true,"href":"https:\/\/tvc16.com\/portal\/wp-json\/wp\/v2\/categories?post=70790"},{"taxonomy":"post_tag","embeddable":true,"href":"https:\/\/tvc16.com\/portal\/wp-json\/wp\/v2\/tags?post=70790"}],"curies":[{"name":"wp","href":"https:\/\/api.w.org\/{rel}","templated":true}]}}