{"id":70792,"date":"2023-10-24T18:06:13","date_gmt":"2023-10-24T21:06:13","guid":{"rendered":"https:\/\/tvc16.com\/portal\/?p=70792"},"modified":"2023-10-24T18:06:15","modified_gmt":"2023-10-24T21:06:15","slug":"abertos-os-jogos-escolares-municipais-em-nova-friburgo","status":"publish","type":"post","link":"https:\/\/tvc16.com\/portal\/2023\/10\/24\/abertos-os-jogos-escolares-municipais-em-nova-friburgo\/","title":{"rendered":"Abertos os jogos escolares municipais em Nova Friburgo"},"content":{"rendered":"\n<p>Ap\u00f3s cinco anos, os Jogos Escolares Municipais Friburguenses est\u00e3o de volta. A solenidade de abertura do JEMF aconteceu na manh\u00e3 desta segunda-feira, dia 23, no Friburguense Atl\u00e9tico Clube, e contou com a presen\u00e7a do prefeito Johnny Maycon, da secret\u00e1ria municipal de Educa\u00e7\u00e3o, Caroline Klein, do secret\u00e1rio municipal de Esportes e Lazer, Jo\u00e3o Victor Duarte, do coordenador de Jornalismo e de Administra\u00e7\u00e3o da Est\u00e1cio Friburgo, Professor Jorge Maroun, al\u00e9m de Oton Lima, Fabr\u00edcia Cassine e S\u00e1vio Badini, representantes do Comit\u00ea Acad\u00eamico, e de Jos\u00e9 Tadeu Costa e de Andreza Amorim, do Comit\u00ea Operacional.<\/p>\n\n\n\n<p>O evento re\u00fane diversas modalidades esportivas, com a participa\u00e7\u00e3o de 16 escolas municipais. A realiza\u00e7\u00e3o dos Jogos Escolares Municipais Friburguenses \u00e9 da Prefeitura de Nova Friburgo, por meio das secretarias de Esportes e Lazer e de Educa\u00e7\u00e3o, com o apoio da Est\u00e1cio Friburgo. Os jogos acontecer\u00e3o nos gin\u00e1sios Helena Decacche (Friburguense) e Adhemar Combat, ambos em Olaria.<\/p>\n\n\n\n<p>&#8220;Ter a Est\u00e1cio presente nos Jogos Escolares Municipais Friburguenses \u00e9 uma oportunidade de ver na pr\u00e1tica como \u00e9 importante a jun\u00e7\u00e3o do esporte e da educa\u00e7\u00e3o para o futuro das novas gera\u00e7\u00f5es&#8221;, disse Adilson Samora, diretor da Est\u00e1cio Friburgo.<\/p>\n\n\n\n<p>Neste primeiro dia foram realizadas provas de arremesso de basquete misto (sub 10 e sub 12 anos), cabo de guerra (sub 10 e sub 12 anos), modalidade inclusiva com atividades adaptadas para pessoas com defici\u00eancia, Fifa (10, 12, 14 e 16 anos) e xadrez (10, 12, 14 e 16 anos).<\/p>\n\n\n\n<p>As competi\u00e7\u00f5es de atletismo est\u00e3o programadas para a ter\u00e7a-feira, 24, na pista do Friburguense, com provas 800 metros, 100m, 400m e 300m, nas categorias feminina e masculina. J\u00e1 no gin\u00e1sio, no mesmo dia, tamb\u00e9m ser\u00e3o realizadas partidas de futsal para equipes mistas sub 10 e sub 12.<\/p>\n\n\n\n<p>Na quarta-feira, dia 25, haver\u00e1 disputas de futsal sub 14, feminino e masculino, no Gin\u00e1sio Adhemar Combat. Na quinta-feira, 26, ser\u00e1 a vez das equipes de futsal sub 16, feminina e masculina, entrarem em quadra, no mesmo gin\u00e1sio. O encerramento acontecer\u00e1 na sexta-feira, 27, com as finais de futsal, premia\u00e7\u00e3o dos atletas e cerim\u00f4nia de encerramento no Gin\u00e1sio Municipal Adhemar Combat.<\/p>\n","protected":false},"excerpt":{"rendered":"<p>Ap\u00f3s cinco anos, os Jogos Escolares Municipais Friburguenses est\u00e3o de volta. A solenidade de abertura<\/p>\n","protected":false},"author":2,"featured_media":70793,"comment_status":"open","ping_status":"open","sticky":false,"template":"","format":"standard","meta":{"footnotes":""},"categories":[17],"tags":[],"class_list":["post-70792","post","type-post","status-publish","format-standard","has-post-thumbnail","hentry","category-outras-noticias"],"_links":{"self":[{"href":"https:\/\/tvc16.com\/portal\/wp-json\/wp\/v2\/posts\/70792","targetHints":{"allow":["GET"]}}],"collection":[{"href":"https:\/\/tvc16.com\/portal\/wp-json\/wp\/v2\/posts"}],"about":[{"href":"https:\/\/tvc16.com\/portal\/wp-json\/wp\/v2\/types\/post"}],"author":[{"embeddable":true,"href":"https:\/\/tvc16.com\/portal\/wp-json\/wp\/v2\/users\/2"}],"replies":[{"embeddable":true,"href":"https:\/\/tvc16.com\/portal\/wp-json\/wp\/v2\/comments?post=70792"}],"version-history":[{"count":1,"href":"https:\/\/tvc16.com\/portal\/wp-json\/wp\/v2\/posts\/70792\/revisions"}],"predecessor-version":[{"id":70794,"href":"https:\/\/tvc16.com\/portal\/wp-json\/wp\/v2\/posts\/70792\/revisions\/70794"}],"wp:featuredmedia":[{"embeddable":true,"href":"https:\/\/tvc16.com\/portal\/wp-json\/wp\/v2\/media\/70793"}],"wp:attachment":[{"href":"https:\/\/tvc16.com\/portal\/wp-json\/wp\/v2\/media?parent=70792"}],"wp:term":[{"taxonomy":"category","embeddable":true,"href":"https:\/\/tvc16.com\/portal\/wp-json\/wp\/v2\/categories?post=70792"},{"taxonomy":"post_tag","embeddable":true,"href":"https:\/\/tvc16.com\/portal\/wp-json\/wp\/v2\/tags?post=70792"}],"curies":[{"name":"wp","href":"https:\/\/api.w.org\/{rel}","templated":true}]}}