{"id":70799,"date":"2023-10-24T22:00:00","date_gmt":"2023-10-25T01:00:00","guid":{"rendered":"https:\/\/tvc16.com\/portal\/?p=70799"},"modified":"2023-10-24T21:04:50","modified_gmt":"2023-10-25T00:04:50","slug":"show-infantil-movimenta-a-escola-municipal-de-musica-de-teresopolis","status":"publish","type":"post","link":"https:\/\/tvc16.com\/portal\/2023\/10\/24\/show-infantil-movimenta-a-escola-municipal-de-musica-de-teresopolis\/","title":{"rendered":"Show infantil movimenta a\u00a0Escola Municipal de M\u00fasica de Teres\u00f3polis"},"content":{"rendered":"\n<p>Um show musical infantil\u00a0nesta quarta-feira (25), com o artista Marcos Dantas, encerra a programa\u00e7\u00e3o da\u00a0Escola Municipal de M\u00fasica Giordano Marrelli em homenagem ao M\u00eas das Crian\u00e7as.<\/p>\n\n\n\n<p>Na programa\u00e7\u00e3o, conta\u00e7\u00e3o de hist\u00f3rias, brincadeiras e can\u00e7\u00f5es tradicionais da inf\u00e2ncia, para divers\u00e3o da garotada. Com entrada gratuita, o show\u00a0ter\u00e1 in\u00edcio \u00e0s 10h para\u00a0os alunos da turma de Musicaliza\u00e7\u00e3o Infantil, familiares e quem quiser participar.<\/p>\n\n\n\n<p>Polo da Escola de M\u00fasica Villa-Lobos e unidade da Secretaria Municipal de Cultura, a\u00a0Escola Municipal de M\u00fasica est\u00e1 instalada no Centro Cultural Bernardo Monteverde, que fica na Av. Oliveira Botelho, 210, sobreloja, no Alto, em Teres\u00f3polis.<\/p>\n\n\n\n<p><em>AscomPMT <\/em><\/p>\n","protected":false},"excerpt":{"rendered":"<p>Um show musical infantil\u00a0nesta quarta-feira (25), com o artista Marcos Dantas, encerra a programa\u00e7\u00e3o da\u00a0Escola<\/p>\n","protected":false},"author":2,"featured_media":70800,"comment_status":"open","ping_status":"open","sticky":false,"template":"","format":"standard","meta":{"footnotes":""},"categories":[17],"tags":[],"class_list":["post-70799","post","type-post","status-publish","format-standard","has-post-thumbnail","hentry","category-outras-noticias"],"_links":{"self":[{"href":"https:\/\/tvc16.com\/portal\/wp-json\/wp\/v2\/posts\/70799","targetHints":{"allow":["GET"]}}],"collection":[{"href":"https:\/\/tvc16.com\/portal\/wp-json\/wp\/v2\/posts"}],"about":[{"href":"https:\/\/tvc16.com\/portal\/wp-json\/wp\/v2\/types\/post"}],"author":[{"embeddable":true,"href":"https:\/\/tvc16.com\/portal\/wp-json\/wp\/v2\/users\/2"}],"replies":[{"embeddable":true,"href":"https:\/\/tvc16.com\/portal\/wp-json\/wp\/v2\/comments?post=70799"}],"version-history":[{"count":1,"href":"https:\/\/tvc16.com\/portal\/wp-json\/wp\/v2\/posts\/70799\/revisions"}],"predecessor-version":[{"id":70801,"href":"https:\/\/tvc16.com\/portal\/wp-json\/wp\/v2\/posts\/70799\/revisions\/70801"}],"wp:featuredmedia":[{"embeddable":true,"href":"https:\/\/tvc16.com\/portal\/wp-json\/wp\/v2\/media\/70800"}],"wp:attachment":[{"href":"https:\/\/tvc16.com\/portal\/wp-json\/wp\/v2\/media?parent=70799"}],"wp:term":[{"taxonomy":"category","embeddable":true,"href":"https:\/\/tvc16.com\/portal\/wp-json\/wp\/v2\/categories?post=70799"},{"taxonomy":"post_tag","embeddable":true,"href":"https:\/\/tvc16.com\/portal\/wp-json\/wp\/v2\/tags?post=70799"}],"curies":[{"name":"wp","href":"https:\/\/api.w.org\/{rel}","templated":true}]}}