{"id":708,"date":"2020-09-18T14:23:29","date_gmt":"2020-09-18T14:23:29","guid":{"rendered":"https:\/\/tvc16.com\/portal\/?p=708"},"modified":"2020-09-18T14:29:42","modified_gmt":"2020-09-18T14:29:42","slug":"preco-do-arroz-deve-permanecer-entre-r-5-e-r-7-ate-marco-do-ano-que-vem-afirma-presidente-da-abiarroz","status":"publish","type":"post","link":"https:\/\/tvc16.com\/portal\/2020\/09\/18\/preco-do-arroz-deve-permanecer-entre-r-5-e-r-7-ate-marco-do-ano-que-vem-afirma-presidente-da-abiarroz\/","title":{"rendered":"\u201cPre\u00e7o do arroz deve permanecer entre R$ 5 e R$ 7 at\u00e9 mar\u00e7o do ano que vem\u201d, afirma presidente da Abiarroz"},"content":{"rendered":"\n<p>Um dos alimentos mais consumidos na mesa dos brasileiros sofreu um aumento de pre\u00e7o nos \u00faltimos dias e isso gerou reclama\u00e7\u00e3o. O valor m\u00e9dio do pacote de cinco quilos do arroz est\u00e1 em torno de R$ 35. Em entrevista exclusiva ao portal brasil61.com, o presidente da Associa\u00e7\u00e3o Brasileira da Industria do Arroz <a href=\"http:\/\/abiarroz.com.br\/\">(Abiarroz)<\/a>, Elton Doeler, afirmou que a alta no pre\u00e7o do produto foi necess\u00e1ria para manter o est\u00edmulo da produ\u00e7\u00e3o do gr\u00e3o.<br>&nbsp;<br>Segundo ele, 80% do arroz brasileiro \u00e9 produzido basicamente na regi\u00e3o Sul do pa\u00eds. Nos \u00faltimos 10 anos, o setor produtivo trabalhava com pre\u00e7os que giravam em torno de R$ 2 o quilo para o consumidor, e davam valores ao produtor de R$ 40 a saca. Al\u00e9m desse quadro, na avalia\u00e7\u00e3o de Doeler, uma s\u00e9rie de fatores contribuiu para essa eleva\u00e7\u00e3o de custo. &nbsp;<br>&nbsp;<br>\u201cFoi uma s\u00e9rie de not\u00edcias, especialmente a pandemia, em que n\u00f3s tivemos uma mudan\u00e7a de h\u00e1bito. As pessoas ficaram em casa e isso aumentou o consumo. Com o d\u00f3lar valorizado houve favorecimento de exporta\u00e7\u00f5es, os mercados tradicionais importadores fecharam suas fronteiras para exporta\u00e7\u00f5es de arroz. Mas, o Brasil continuou. Ent\u00e3o, houve uma sensa\u00e7\u00e3o de escassez no mercado e isso trouxe o aumento de pre\u00e7o na mat\u00e9ria prima\u201d, explicou.<br>&nbsp;<br>Com essa mudan\u00e7a de cen\u00e1rio, o presidente da Abiarroz, acredita que o consumidor deve continuar pagando um valor mais caro no quilo do arroz, pelo menos at\u00e9 a pr\u00f3xima safra. No entanto, mesmo com as altera\u00e7\u00f5es de pre\u00e7o, ele acredita que o produto n\u00e3o vai custar tanto ao bolso da sociedade.<br>&nbsp;<br>\u201cUm quilo de arroz alimenta, aproximadamente ,10 pessoas. Se custava R$ 2 o quilo, custaria R$ 0,20 por pessoa. \u00c9 muito barato uma refei\u00e7\u00e3o com esse alimento. Hoje, n\u00f3s imaginamos que o pre\u00e7o do arroz v\u00e1 se estabilizar em um patamar entre R$ 5 e R$ 7 reais que, ao nosso ver, ainda \u00e9 atrativo para a m\u00e9dia da popula\u00e7\u00e3o brasileira. Ou seja, um prato de arroz vai custar na mesa do brasileiro em torno de R$ 0,50\u201d, pontuou.<\/p>\n\n\n\n<p><img decoding=\"async\" alt=\"\" src=\"\/\/s3-sa-east-1.amazonaws.com\/agencia-radio-arb\/2873\/content_Olho-Elton-Doeler.png\"><br>&nbsp;<br>H\u00e1 pouco mais de uma semana, o governo federal anunciou que vai liberar a importa\u00e7\u00e3o de 400 toneladas de pa\u00edses que n\u00e3o integram o Mercosul, sem a incid\u00eancia da Taxa Externa Comum (TEC). Elton Doeler avalia que a medida \u00e9 positiva, j\u00e1 que aumenta a oferta dentro do Brasil.<br>&nbsp;<br>\u201cNa verdade, mais do que o volume ofertado, \u00e9 uma sinaliza\u00e7\u00e3o do governo de que ele usar\u00e1 todas as armas que tiver para conter, ou pelo menos estabilizar novos aumentos de pre\u00e7o. Isso, ao nosso ver, foi muito acertado. J\u00e1 est\u00e1 acontecendo. A ind\u00fastria come\u00e7ou a receber novas ofertas de abastecimento e entendemos que isso tende a normalizar nesse n\u00edvel de pre\u00e7o que eu mencionei, entre R$ 5 e R$ 7\u201d, pontuou.<\/p>\n\n\n\n<p><img decoding=\"async\" alt=\"\" src=\"\/\/s3-sa-east-1.amazonaws.com\/agencia-radio-arb\/2874\/content_tabela-arroz.png\"><br>&nbsp;<br>Doeler afirmou, ainda, que o aumento do pre\u00e7o do arroz, em agosto, chegou a 30%. Questionado sobre quando o brasileiro vai voltar a perceber um pre\u00e7o menor do produto nas prateleiras, a resposta foi de que isso n\u00e3o deve ocorrer antes de mar\u00e7o de 2021.<\/p>\n\n\n\n<p><strong><a href=\"https:\/\/brasil61.com\/noticias\/estados-e-municipios-vao-precisar-regulamentar-reforma-administrativa-diz-secretario-de-gestao-wagner-lenhart-bras201778\">\u201cEstados e munic\u00edpios v\u00e3o precisar regulamentar reforma administrativa\u201d, diz secret\u00e1rio de gest\u00e3o Wagner Lenhart<\/a><\/strong><\/p>\n\n\n\n<p><a href=\"https:\/\/brasil61.com\/noticias\/garantia-safra-2020-2021-ministerio-da-agricultura-abre-prazo-para-agricultores-familiares-bras201775\"><strong>Garantia-Safra 2020\/2021: Minist\u00e9rio da Agricultura abre prazo para agricultores familiares<\/strong><\/a><\/p>\n\n\n\n<p>\u201cDepois de chegada a pr\u00f3xima safra, o mercado, por si s\u00f3, encontrar\u00e1 um novo patamar que pode ser um pouco menor do que isso, n\u00e3o muito. \u00c9 obvio que continuaremos tendo exporta\u00e7\u00e3o do produto, pela qualidade que tem a cadeia do arroz brasileiro, mas deveremos ter algum recuo por meados de mar\u00e7o do ano que vem, n\u00e3o antes disso, porque a pouca oferta \u00e9 uma escassez moment\u00e2nea\u201d, projetou.<br>&nbsp;<br>De acordo com dados divulgados pela Abiarroz, o Brasil \u00e9 o maior produtor e consumidor fora da \u00c1sia. O suprimento anual chega, em m\u00e9dia, a 15 milh\u00f5es de toneladas do gr\u00e3o em casca para atender ao consumo de 12,14 milh\u00f5es de toneladas. Al\u00e9m disso, cerca de 40 mil produtores cultivam aproximadamente 2,4 milh\u00f5es de hectares por ano, em 500 munic\u00edpios brasileiros.<\/p>\n\n\n\n<p>Fonte: <a rel=\"noreferrer noopener\" href=\"https:\/\/brasil61.com\/noticias\/preco-do-arroz-deve-permanecer-entre-r-5-e-r-7-ate-marco-do-ano-que-vem-afirma-presidente-da-abiarroz-bras201874\" target=\"_blank\">Brasil 61<\/a><\/p>\n\n\n\n<p>Foto: divulga\u00e7\u00e3o<\/p>\n","protected":false},"excerpt":{"rendered":"<p>Um dos alimentos mais consumidos na mesa dos brasileiros sofreu um aumento de pre\u00e7o nos<\/p>\n","protected":false},"author":2,"featured_media":709,"comment_status":"open","ping_status":"open","sticky":false,"template":"","format":"standard","meta":{"footnotes":""},"categories":[17],"tags":[],"class_list":["post-708","post","type-post","status-publish","format-standard","has-post-thumbnail","hentry","category-outras-noticias"],"_links":{"self":[{"href":"https:\/\/tvc16.com\/portal\/wp-json\/wp\/v2\/posts\/708","targetHints":{"allow":["GET"]}}],"collection":[{"href":"https:\/\/tvc16.com\/portal\/wp-json\/wp\/v2\/posts"}],"about":[{"href":"https:\/\/tvc16.com\/portal\/wp-json\/wp\/v2\/types\/post"}],"author":[{"embeddable":true,"href":"https:\/\/tvc16.com\/portal\/wp-json\/wp\/v2\/users\/2"}],"replies":[{"embeddable":true,"href":"https:\/\/tvc16.com\/portal\/wp-json\/wp\/v2\/comments?post=708"}],"version-history":[{"count":2,"href":"https:\/\/tvc16.com\/portal\/wp-json\/wp\/v2\/posts\/708\/revisions"}],"predecessor-version":[{"id":714,"href":"https:\/\/tvc16.com\/portal\/wp-json\/wp\/v2\/posts\/708\/revisions\/714"}],"wp:featuredmedia":[{"embeddable":true,"href":"https:\/\/tvc16.com\/portal\/wp-json\/wp\/v2\/media\/709"}],"wp:attachment":[{"href":"https:\/\/tvc16.com\/portal\/wp-json\/wp\/v2\/media?parent=708"}],"wp:term":[{"taxonomy":"category","embeddable":true,"href":"https:\/\/tvc16.com\/portal\/wp-json\/wp\/v2\/categories?post=708"},{"taxonomy":"post_tag","embeddable":true,"href":"https:\/\/tvc16.com\/portal\/wp-json\/wp\/v2\/tags?post=708"}],"curies":[{"name":"wp","href":"https:\/\/api.w.org\/{rel}","templated":true}]}}