{"id":7080,"date":"2020-11-30T18:09:01","date_gmt":"2020-11-30T21:09:01","guid":{"rendered":"https:\/\/tvc16.com\/portal\/?p=7080"},"modified":"2020-11-30T18:09:04","modified_gmt":"2020-11-30T21:09:04","slug":"pib-paulista-cresce-16-no-3o-trimestre-e-cai-no-acumulado-do-ano","status":"publish","type":"post","link":"https:\/\/tvc16.com\/portal\/2020\/11\/30\/pib-paulista-cresce-16-no-3o-trimestre-e-cai-no-acumulado-do-ano\/","title":{"rendered":"PIB paulista cresce 1,6% no 3\u00ba trimestre e cai no acumulado do ano"},"content":{"rendered":"\n<h3 class=\"wp-block-heading\">Dados s\u00e3o da Funda\u00e7\u00e3o Seade<\/h3>\n\n\n\n<h4 class=\"wp-block-heading\">Por Camila Boehm &#8211; Rep\u00f3rter da Ag\u00eancia Brasil &#8211; S\u00e3o Paulo<\/h4>\n\n\n\n<p>O Produto Interno Bruto (PIB) do estado de S\u00e3o Paulo cresceu 1,6% no terceiro trimestre (de julho a setembro), na compara\u00e7\u00e3o com o mesmo per\u00edodo do ano passado, informou nesta&nbsp;segunda-feira (30) a Funda\u00e7\u00e3o Sistema Estadual de An\u00e1lise de Dados (Seade). No segundo trimestre (abril a junho), houve queda de 7,6% em rela\u00e7\u00e3o ao mesmo trimestre do ano anterior.<img decoding=\"async\" src=\"https:\/\/agenciabrasil.ebc.com.br\/ebc.png?id=1395082&amp;o=node\"><img decoding=\"async\" src=\"https:\/\/agenciabrasil.ebc.com.br\/ebc.gif?id=1395082&amp;o=node\"><\/p>\n\n\n\n<p>No acumulado de 12 meses houve queda de 0,7% e, no acumulado de 2020, em rela\u00e7\u00e3o ao mesmo per\u00edodo do ano anterior, a retra\u00e7\u00e3o foi de 1,7%. No m\u00eas&nbsp;de setembro, o PIB do estado cresceu 1,2% em rela\u00e7\u00e3o a agosto, descontada a sazonalidade, e 3,1% na compara\u00e7\u00e3o&nbsp;com setembro de 2019.<\/p>\n\n\n\n<p>Em rela\u00e7\u00e3o ao segundo trimestre deste ano, o PIB cresceu 9,4% no&nbsp;terceiro trimestre, feito o ajuste sazonal, depois de uma queda de 6,8% no segundo comparado&nbsp;ao primeiro. O&nbsp;primeiro semestre do ano tamb\u00e9m havia apresentado redu\u00e7\u00e3o de 1,3% em rela\u00e7\u00e3o ao anterior.<\/p>\n\n\n\n<p>A Funda\u00e7\u00e3o Seade avalia que, em termos gerais, ficou caracterizada uma recupera\u00e7\u00e3o da economia paulista, ap\u00f3s a queda acentuada em mar\u00e7o e abril, per\u00edodo que coincide com o in\u00edcio da pandemia do novo coronav\u00edrus no Brasil.<\/p>\n\n\n\n<h2 class=\"wp-block-heading\">Proje\u00e7\u00f5es<\/h2>\n\n\n\n<p>A entidade estima que o PIB paulista deve fechar o ano com retra\u00e7\u00e3o entre 1,1% e 0,1%, com queda m\u00e9dia de 0,6%. Para 2021, as proje\u00e7\u00f5es indicam que a economia paulista pode crescer 4,9%, com varia\u00e7\u00e3o entre 4,3% e 5,6%.<\/p>\n\n\n\n<p>Entre os fatores de incerteza no cen\u00e1rio atual para a economia paulista, apontados pela funda\u00e7\u00e3o, est\u00e3o o crescimento de casos e \u00f3bitos de covid-19 no Brasil, que pode impor recuos na flexibiliza\u00e7\u00e3o das medidas restritivas; a redu\u00e7\u00e3o do aux\u00edlio emergencial, que&nbsp;deve contribuir para a retra\u00e7\u00e3o do consumo e causar impacto&nbsp;nas atividades associadas ao com\u00e9rcio e servi\u00e7os pessoais; o recrudescimento da infla\u00e7\u00e3o; e a taxa de desocupa\u00e7\u00e3o em setembro no estado, que ficou em 14,5%, segundo dados do Instituto Brasileiro de Geografia e Estat\u00edstica (IBGE).<\/p>\n\n\n\n<p>Sobre os recuos de medidas em rela\u00e7\u00e3o \u00e0 covid-19, o governo estadual paulista anunciou&nbsp;hoje&nbsp;(30) a regress\u00e3o de todo o estado para a&nbsp;<a href=\"https:\/\/agenciabrasil.ebc.com.br\/saude\/noticia\/2020-11\/covid-19-estado-de-sp-regride-para-fase-amarela\" target=\"_blank\" rel=\"noreferrer noopener\">Fase Amarela<\/a>&nbsp;do Plano S\u00e3o Paulo. A reclassifica\u00e7\u00e3o acontece devido ao aumento das taxas de transmiss\u00e3o da doen\u00e7a&nbsp;e das interna\u00e7\u00f5es no estado.&nbsp;<\/p>\n\n\n\n<p>Al\u00e9m disso, a Funda\u00e7\u00e3o Seade inclui como fator de incerteza o aumento do endividamento p\u00fablico, cujo patamar deve se aproximar de 100% do PIB no curto prazo. \u201cIsso dificulta a manuten\u00e7\u00e3o dos gastos p\u00fablicos e pressiona a pol\u00edtica monet\u00e1ria, pelo lado da rolagem da d\u00edvida mobili\u00e1ria, como tamb\u00e9m embute riscos consider\u00e1veis de amplia\u00e7\u00e3o do chamado risco Brasil, afetando negativamente a entrada de capital estrangeiro\u201d, disse&nbsp;a entidade.<\/p>\n\n\n\n<p>Edi\u00e7\u00e3o: Gra\u00e7a Adjuto<\/p>\n","protected":false},"excerpt":{"rendered":"<p>Dados s\u00e3o da Funda\u00e7\u00e3o Seade Por Camila Boehm &#8211; Rep\u00f3rter da Ag\u00eancia Brasil &#8211; S\u00e3o<\/p>\n","protected":false},"author":2,"featured_media":7081,"comment_status":"open","ping_status":"open","sticky":false,"template":"","format":"standard","meta":{"footnotes":""},"categories":[17],"tags":[],"class_list":["post-7080","post","type-post","status-publish","format-standard","has-post-thumbnail","hentry","category-outras-noticias"],"_links":{"self":[{"href":"https:\/\/tvc16.com\/portal\/wp-json\/wp\/v2\/posts\/7080","targetHints":{"allow":["GET"]}}],"collection":[{"href":"https:\/\/tvc16.com\/portal\/wp-json\/wp\/v2\/posts"}],"about":[{"href":"https:\/\/tvc16.com\/portal\/wp-json\/wp\/v2\/types\/post"}],"author":[{"embeddable":true,"href":"https:\/\/tvc16.com\/portal\/wp-json\/wp\/v2\/users\/2"}],"replies":[{"embeddable":true,"href":"https:\/\/tvc16.com\/portal\/wp-json\/wp\/v2\/comments?post=7080"}],"version-history":[{"count":1,"href":"https:\/\/tvc16.com\/portal\/wp-json\/wp\/v2\/posts\/7080\/revisions"}],"predecessor-version":[{"id":7082,"href":"https:\/\/tvc16.com\/portal\/wp-json\/wp\/v2\/posts\/7080\/revisions\/7082"}],"wp:featuredmedia":[{"embeddable":true,"href":"https:\/\/tvc16.com\/portal\/wp-json\/wp\/v2\/media\/7081"}],"wp:attachment":[{"href":"https:\/\/tvc16.com\/portal\/wp-json\/wp\/v2\/media?parent=7080"}],"wp:term":[{"taxonomy":"category","embeddable":true,"href":"https:\/\/tvc16.com\/portal\/wp-json\/wp\/v2\/categories?post=7080"},{"taxonomy":"post_tag","embeddable":true,"href":"https:\/\/tvc16.com\/portal\/wp-json\/wp\/v2\/tags?post=7080"}],"curies":[{"name":"wp","href":"https:\/\/api.w.org\/{rel}","templated":true}]}}