{"id":70805,"date":"2023-10-24T21:22:20","date_gmt":"2023-10-25T00:22:20","guid":{"rendered":"https:\/\/tvc16.com\/portal\/?p=70805"},"modified":"2023-10-24T21:22:21","modified_gmt":"2023-10-25T00:22:21","slug":"claudio-castro-anuncia-grupo-de-trabalho-para-investigar-lavagem-de-dinheiro-das-mafias-que-agem-no-estado","status":"publish","type":"post","link":"https:\/\/tvc16.com\/portal\/2023\/10\/24\/claudio-castro-anuncia-grupo-de-trabalho-para-investigar-lavagem-de-dinheiro-das-mafias-que-agem-no-estado\/","title":{"rendered":"Cl\u00e1udio Castro anuncia Grupo de Trabalho para investigar lavagem de dinheiro das m\u00e1fias que agem no estado"},"content":{"rendered":"\n<p><em>An\u00fancio foi feito ap\u00f3s reuni\u00e3o com o secret\u00e1rio-executivo do Minist\u00e9rio da Justi\u00e7a, Ricardo Cappelli. GT ir\u00e1 investigar as fontes de lavagem dos recursos das mil\u00edcias e do tr\u00e1fico de drogas<\/em><\/p>\n\n\n\n<p>O governador do Estado do Rio de Janeiro, Cl\u00e1udio Castro, anunciou nesta ter\u00e7a-feira (24\/10) a cria\u00e7\u00e3o de um grupo de trabalho conjunto com o Minist\u00e9rio da Justi\u00e7a e Seguran\u00e7a P\u00fablica para investigar a lavagem de dinheiro das m\u00e1fias que atuam no territ\u00f3rio fluminense. O an\u00fancio ocorreu ap\u00f3s reuni\u00e3o com o secret\u00e1rio-executivo do Minist\u00e9rio da Justi\u00e7a, Ricardo Cappelli, no Pal\u00e1cio Guanabara, dentro do processo de integra\u00e7\u00e3o entre os governos federal e estadual para combater as organiza\u00e7\u00f5es criminosas.<\/p>\n\n\n\n<p>&#8220;Hoje, tratamos a integra\u00e7\u00e3o entre as pol\u00edcias Federal e Civil na quest\u00e3o da lavagem de dinheiro, que \u00e9 outro ponto important\u00edssimo para que a gente possa asfixiar financeiramente essas m\u00e1fias. Semana que vem esse grupo de trabalho j\u00e1 deve estar institu\u00eddo e come\u00e7ando a funcionar dando continuidade a um trabalho que j\u00e1 vinha sendo desenvolvido. Queremos dar um resultado perene, que funcione, que asfixie essas m\u00e1fias e permita dar uma vida melhor para nosso povo&#8221; \u2013 explicou Castro.<\/p>\n\n\n\n<p>Segundo o governador, o GT ter\u00e1 a participa\u00e7\u00e3o de representantes de institui\u00e7\u00f5es de seguran\u00e7a e controle financeiro, como a Fazenda Estadual, Conselho de Controle de Atividades Financeiras (Coaf) e a Secretaria Nacional de Seguran\u00e7a P\u00fablica, entre outros.<\/p>\n\n\n\n<p>Sobre a necessidade da interven\u00e7\u00e3o federal, o governador afirmou n\u00e3o ver necessidade e que o momento sugere integra\u00e7\u00e3o.<\/p>\n\n\n\n<p>&#8220;N\u00f3s estamos avan\u00e7ando no processo de integra\u00e7\u00e3o. Os agentes da For\u00e7a Nacional j\u00e1 est\u00e3o aqui nas rodovias federais. Eu pedi ao presidente da Rep\u00fablica, e tamb\u00e9m j\u00e1 pedi agenda ao ministro da Defesa, Jos\u00e9 M\u00facio, para termos o refor\u00e7o da Marinha atuando na Ba\u00eda de Guanabara e nos portos do Estado, al\u00e9m do refor\u00e7o da Aeron\u00e1utica nos aeroportos, que \u00e9 por onde entram drogas e armas. O pr\u00f3prio crime de lavagem de dinheiro \u00e9 um crime federal. \u00c9 muito importante que a Receita Federal e a Pol\u00edcia Federal estejam nos auxiliando neste tipo de combate&#8221; &#8211; afirmou Castro.<\/p>\n","protected":false},"excerpt":{"rendered":"<p>An\u00fancio foi feito ap\u00f3s reuni\u00e3o com o secret\u00e1rio-executivo do Minist\u00e9rio da Justi\u00e7a, Ricardo Cappelli. GT<\/p>\n","protected":false},"author":2,"featured_media":70806,"comment_status":"open","ping_status":"open","sticky":false,"template":"","format":"standard","meta":{"footnotes":""},"categories":[17],"tags":[],"class_list":["post-70805","post","type-post","status-publish","format-standard","has-post-thumbnail","hentry","category-outras-noticias"],"_links":{"self":[{"href":"https:\/\/tvc16.com\/portal\/wp-json\/wp\/v2\/posts\/70805","targetHints":{"allow":["GET"]}}],"collection":[{"href":"https:\/\/tvc16.com\/portal\/wp-json\/wp\/v2\/posts"}],"about":[{"href":"https:\/\/tvc16.com\/portal\/wp-json\/wp\/v2\/types\/post"}],"author":[{"embeddable":true,"href":"https:\/\/tvc16.com\/portal\/wp-json\/wp\/v2\/users\/2"}],"replies":[{"embeddable":true,"href":"https:\/\/tvc16.com\/portal\/wp-json\/wp\/v2\/comments?post=70805"}],"version-history":[{"count":1,"href":"https:\/\/tvc16.com\/portal\/wp-json\/wp\/v2\/posts\/70805\/revisions"}],"predecessor-version":[{"id":70807,"href":"https:\/\/tvc16.com\/portal\/wp-json\/wp\/v2\/posts\/70805\/revisions\/70807"}],"wp:featuredmedia":[{"embeddable":true,"href":"https:\/\/tvc16.com\/portal\/wp-json\/wp\/v2\/media\/70806"}],"wp:attachment":[{"href":"https:\/\/tvc16.com\/portal\/wp-json\/wp\/v2\/media?parent=70805"}],"wp:term":[{"taxonomy":"category","embeddable":true,"href":"https:\/\/tvc16.com\/portal\/wp-json\/wp\/v2\/categories?post=70805"},{"taxonomy":"post_tag","embeddable":true,"href":"https:\/\/tvc16.com\/portal\/wp-json\/wp\/v2\/tags?post=70805"}],"curies":[{"name":"wp","href":"https:\/\/api.w.org\/{rel}","templated":true}]}}