{"id":70826,"date":"2023-10-25T11:00:00","date_gmt":"2023-10-25T14:00:00","guid":{"rendered":"https:\/\/tvc16.com\/portal\/?p=70826"},"modified":"2023-10-24T22:54:18","modified_gmt":"2023-10-25T01:54:18","slug":"feirao-limpa-nome-220-pessoas-negociam-suas-dividas-no-primeiro-dia-de-evento-com-descontos-de-ate-98","status":"publish","type":"post","link":"https:\/\/tvc16.com\/portal\/2023\/10\/25\/feirao-limpa-nome-220-pessoas-negociam-suas-dividas-no-primeiro-dia-de-evento-com-descontos-de-ate-98\/","title":{"rendered":"Feir\u00e3o Limpa Nome: 220 pessoas negociam suas d\u00edvidas no primeiro dia de evento com descontos de at\u00e9 98%"},"content":{"rendered":"\n<p><em>Negocia\u00e7\u00e3o segue at\u00e9 quinta e agendamento deve ser feito no site\u00a0www.denomelimpo.com.br\u00a0e diretamente no Clube Petropolitano<\/em><\/p>\n\n\n\n<p>O petroleiro Carlos Andr\u00e9 de Carvalho, de 50 anos, saiu do Feir\u00e3o Limpa Nome nesta ter\u00e7a (24), primeiro dia de evento, de alma lavada. Negociou duas d\u00edvidas com bancos que, somadas, totalizavam R$ 22 mil, pagando \u00e0 vista R$ 160,00, um desconto de mais de 98%. O petroleiro que reside em Petr\u00f3polis, mas trabalha embarcado em Campos, contraiu as d\u00edvidas durante a pandemia e assim que soube do evento se agendou no site e foi negociar para voltar a ter cr\u00e9dito. No seu primeiro dia, o Feir\u00e3o, organizado pelo Tribunal de Justi\u00e7a do Estado do Rio (TJRJ) recebeu 220 pessoas que tiveram a chance de regularizar d\u00e9bitos com bancos, concession\u00e1rias de energia, telefonia e com\u00e9rcio. O Feir\u00e3o segue at\u00e9 quinta, no Clube Petropolitano (Avenida Roberto Silveira, 82, Centro), com atendimento sendo agendado antes pelo site\u00a0www.denomelimpo.com.br.\u00a0\u00a0Mas, quem tiver dificuldades para agendar pela internet pode ir direto ao local e se inscrever na hora.<\/p>\n\n\n\n<figure class=\"wp-block-image size-large\"><img loading=\"lazy\" decoding=\"async\" width=\"1024\" height=\"576\" src=\"https:\/\/tvc16.com\/portal\/wp-content\/uploads\/2023\/10\/Carlos-Andre-de-Carvalho-1024x576.jpg\" alt=\"\" class=\"wp-image-70829\" srcset=\"https:\/\/tvc16.com\/portal\/wp-content\/uploads\/2023\/10\/Carlos-Andre-de-Carvalho-1024x576.jpg 1024w, https:\/\/tvc16.com\/portal\/wp-content\/uploads\/2023\/10\/Carlos-Andre-de-Carvalho-300x169.jpg 300w, https:\/\/tvc16.com\/portal\/wp-content\/uploads\/2023\/10\/Carlos-Andre-de-Carvalho-768x432.jpg 768w, https:\/\/tvc16.com\/portal\/wp-content\/uploads\/2023\/10\/Carlos-Andre-de-Carvalho-1536x864.jpg 1536w, https:\/\/tvc16.com\/portal\/wp-content\/uploads\/2023\/10\/Carlos-Andre-de-Carvalho.jpg 1920w\" sizes=\"auto, (max-width: 1024px) 100vw, 1024px\" \/><\/figure>\n\n\n\n<p>A C\u00e2mara de Dirigentes Lojistas (CDL Petr\u00f3polis) \u00e9 uma das apoiadoras do feir\u00e3o e atende em um estande exclusivo consumidores em d\u00e9bito com diversas lojas que querem rever suas d\u00edvidas e voltar a receber o consumidor para novas compras.&nbsp;&nbsp;Tamb\u00e9m est\u00e3o presentes institui\u00e7\u00f5es financeiras como Banco do Brasil, Caixa, Santander, Ita\u00fa e Bradesco, al\u00e9m de \u00c1guas do Imperador e Enel.<\/p>\n\n\n\n<p>\u201cForam d\u00edvidas acumuladas na \u00e9poca da pandemia e estava dif\u00edcil conseguir quitar. Agendei o hor\u00e1rio e o atendimento foi r\u00e1pido, tranquilo e saio daqui hoje feliz, aliviado e com cr\u00e9dito recuperado\u201d, afirma o petroleiro Carlos Andr\u00e9 Carvalho. Da mesma forma que ele, Josefina das Merc\u00eas Teixeira, 62 anos, saiu do Feir\u00e3o satisfeita com o resultado. \u201cComprei um celular pro meu neto, mas ele acabou desempregado e atrasamos algumas parcelas. Ent\u00e3o, consegui negociar essas que estavam em atraso e sigo pagando o restante normalmente\u201d, comemora a aposentada que veio de Itaipava ao Centro bem cedo, mas como o atendimento \u00e9 agendado, n\u00e3o encontrou filas.<\/p>\n\n\n\n<figure class=\"wp-block-image size-large\"><img loading=\"lazy\" decoding=\"async\" width=\"1024\" height=\"768\" src=\"https:\/\/tvc16.com\/portal\/wp-content\/uploads\/2023\/10\/Feirao-Limpa-Nome-5-1024x768.jpeg\" alt=\"\" class=\"wp-image-70828\" srcset=\"https:\/\/tvc16.com\/portal\/wp-content\/uploads\/2023\/10\/Feirao-Limpa-Nome-5-1024x768.jpeg 1024w, https:\/\/tvc16.com\/portal\/wp-content\/uploads\/2023\/10\/Feirao-Limpa-Nome-5-300x225.jpeg 300w, https:\/\/tvc16.com\/portal\/wp-content\/uploads\/2023\/10\/Feirao-Limpa-Nome-5-768x576.jpeg 768w, https:\/\/tvc16.com\/portal\/wp-content\/uploads\/2023\/10\/Feirao-Limpa-Nome-5-1536x1152.jpeg 1536w, https:\/\/tvc16.com\/portal\/wp-content\/uploads\/2023\/10\/Feirao-Limpa-Nome-5-200x150.jpeg 200w, https:\/\/tvc16.com\/portal\/wp-content\/uploads\/2023\/10\/Feirao-Limpa-Nome-5.jpeg 1600w\" sizes=\"auto, (max-width: 1024px) 100vw, 1024px\" \/><\/figure>\n\n\n\n<p>O juiz Carlos Andr\u00e9 Spielmann, que dirige o evento em Petr\u00f3polis,&nbsp;&nbsp;explica que a experi\u00eancia bem sucedida que iniciou em Tr\u00eas Rios vai ser exportada para todo o Estado.\u201d Fizemos em Angra, agora em Petr\u00f3polis e, na sequ\u00eancia, Campos e Vassouras, um projeto que foi abra\u00e7ado pelo presidente do Tribunal, desembargador Ricardo Rodrigues Cardozo, que quer que ele tenha car\u00e1ter permanente e itinerante. \u00c9 projeto de cidadania, que visa permitir que as pessoas consigam negociar em melhores condi\u00e7\u00f5es e tirar no nome do SPV\/Serasa e voltar a ter cr\u00e9dito.&nbsp;&nbsp;\u00c9 um projeto envolvendo o N\u00facleo Permanente de Media\u00e7\u00e3o e Concilia\u00e7\u00e3o&nbsp;&nbsp;e o Centro Judici\u00e1rio de Solu\u00e7\u00e3o de Conflitos e Cidadania, ambos do Tribunal de Justi\u00e7a do Estado do Rio\u201d, afirma o titular da 3\u00aa Vara C\u00edvel&nbsp;e coordenador do Cejusc de Petr\u00f3polis.<\/p>\n\n\n\n<p>\u201cPara essa nova etapa, ap\u00f3s Tr\u00eas Rios e Angra dos Reis,\u00a0\u00a0Petr\u00f3polis, foi escolhida pelo n\u00famero expressivo de inadimplentes: 127 mil pessoas com d\u00edvidas \u00e9 um patamar que nos deixou perplexos e impulsionou a realiza\u00e7\u00e3o de um aplicativo e site, afinal, n\u00e3o seria poss\u00edvel atender todo este p\u00fablico de uma vez. A meta \u00e9 que o site\u00a0www.denomelimpo.com.br\u00a0seja usado em outras cidades, mas que tamb\u00e9m possa ser acessado de forma atemporal fazendo um canal permanente de negocia\u00e7\u00f5es\u201d, afirma o juiz Jos\u00e9 Cl\u00e1udio Macedo Fernandes, diretor do f\u00f3rum que tamb\u00e9m coopera na organiza\u00e7\u00e3o do evento.\u00a0<\/p>\n\n\n\n<p>O presidente da CDL Petr\u00f3polis, Cl\u00e1udio Mohammad, destaca que o evento tem o apoio de lojistas. \u201cO Feir\u00e3o \u00e9 de&nbsp;&nbsp;grande import\u00e2ncia para o com\u00e9rcio que volta a ter estes clientes novamente com cr\u00e9dito recuperado, por\u00e9m mais do que isso,k \u00e9 devolver \u00e0s pessoas a oportunidade de fazer um parcelamento, de voltar ter acesso a um cart\u00e3o para as suas necessidades. O Feir\u00e3o vem em boa hora, antes do final do ano, uma \u00e9poca em que as pessoas recebem a bonifica\u00e7\u00e3o de Natal e podem investir em bens que tornam a vida mais confort\u00e1vel\u201d, afirma.&nbsp;&nbsp;<\/p>\n\n\n\n<p>O site\u00a0www.denomelimpo.com.br\u00a0foi formulado pelas\u00a0\u00a0empresas Neki, Info4 e T2M, membros do SerraTec &#8211; polo tecnol\u00f3gico da regi\u00e3o serrana e continua funcionando para os agendamentos dos pr\u00f3ximos dias. O Feir\u00e3o tem apoio do Procon local e da OAB &#8211; seccional Petr\u00f3polis. S\u00e3o 158 estudantes de Direito das universidades Cat\u00f3lica de Petr\u00f3polis (UCP) e Est\u00e1cio de S\u00e1, treinados pelo TJRJ, atuando para a intermedia\u00e7\u00e3o dos acordos de quita\u00e7\u00e3o de d\u00e9bitos.<\/p>\n\n\n\n<p><strong>M\u00e9dia de d\u00edvidas do petropolitano \u00e9 de R$ 4,5 mil<\/strong><\/p>\n\n\n\n<p>Petr\u00f3polis, de acordo com dados do SPC e Serasa, tem cerca de 127 mil pessoas com alguma d\u00edvida, o que representa 40% da popula\u00e7\u00e3o residente. A m\u00e9dia de endividamento dos consumidores na cidade \u00e9 de R$ 4,5 mil, por\u00e9m 35% dos devedores t\u00eam inadimpl\u00eancias bem menores, em torno de R$ 500. A maioria das d\u00edvidas foi contra\u00edda com financeiras e bancos&nbsp;&nbsp;que s\u00e3o credores de 58,94% desses valores, seguidos por 21,28% de d\u00edvidas com concession\u00e1rias de servi\u00e7os p\u00fablicos e telefonia, 10% no com\u00e9rcio e 4,21% com prestadores de servi\u00e7os. De acordo com os servi\u00e7os de prote\u00e7\u00e3o ao cr\u00e9dito, a maioria das dividas tem entre um e tr\u00eas anos.<\/p>\n\n\n\n<p><strong>SERVI\u00c7O:<\/strong><\/p>\n\n\n\n<p>Feir\u00e3o Limpa Nome<\/p>\n\n\n\n<p>Clube Petropolitano (Avenida Roberto da Silveira, 82, Centro)<\/p>\n\n\n\n<p>24, 25 e 26 de outubro<\/p>\n\n\n\n<p>De 9h \u00e0s 17h<\/p>\n\n\n\n<p>Inscri\u00e7\u00f5es devem ser feitas previamente pelo site\u00a0www.denomelimpo.com.br<\/p>\n\n\n\n<p><strong>P\u00fablico tamb\u00e9m pode se inscrever diretamente no local.<\/strong><\/p>\n","protected":false},"excerpt":{"rendered":"<p>Negocia\u00e7\u00e3o segue at\u00e9 quinta e agendamento deve ser feito no site\u00a0www.denomelimpo.com.br\u00a0e diretamente no Clube Petropolitano<\/p>\n","protected":false},"author":2,"featured_media":70827,"comment_status":"open","ping_status":"open","sticky":false,"template":"","format":"standard","meta":{"footnotes":""},"categories":[12],"tags":[],"class_list":["post-70826","post","type-post","status-publish","format-standard","has-post-thumbnail","hentry","category-cidade"],"_links":{"self":[{"href":"https:\/\/tvc16.com\/portal\/wp-json\/wp\/v2\/posts\/70826","targetHints":{"allow":["GET"]}}],"collection":[{"href":"https:\/\/tvc16.com\/portal\/wp-json\/wp\/v2\/posts"}],"about":[{"href":"https:\/\/tvc16.com\/portal\/wp-json\/wp\/v2\/types\/post"}],"author":[{"embeddable":true,"href":"https:\/\/tvc16.com\/portal\/wp-json\/wp\/v2\/users\/2"}],"replies":[{"embeddable":true,"href":"https:\/\/tvc16.com\/portal\/wp-json\/wp\/v2\/comments?post=70826"}],"version-history":[{"count":1,"href":"https:\/\/tvc16.com\/portal\/wp-json\/wp\/v2\/posts\/70826\/revisions"}],"predecessor-version":[{"id":70830,"href":"https:\/\/tvc16.com\/portal\/wp-json\/wp\/v2\/posts\/70826\/revisions\/70830"}],"wp:featuredmedia":[{"embeddable":true,"href":"https:\/\/tvc16.com\/portal\/wp-json\/wp\/v2\/media\/70827"}],"wp:attachment":[{"href":"https:\/\/tvc16.com\/portal\/wp-json\/wp\/v2\/media?parent=70826"}],"wp:term":[{"taxonomy":"category","embeddable":true,"href":"https:\/\/tvc16.com\/portal\/wp-json\/wp\/v2\/categories?post=70826"},{"taxonomy":"post_tag","embeddable":true,"href":"https:\/\/tvc16.com\/portal\/wp-json\/wp\/v2\/tags?post=70826"}],"curies":[{"name":"wp","href":"https:\/\/api.w.org\/{rel}","templated":true}]}}