{"id":7083,"date":"2020-11-30T18:11:14","date_gmt":"2020-11-30T21:11:14","guid":{"rendered":"https:\/\/tvc16.com\/portal\/?p=7083"},"modified":"2020-11-30T18:11:16","modified_gmt":"2020-11-30T21:11:16","slug":"municipios-terao-60-dias-para-apresentar-contas-da-educacao","status":"publish","type":"post","link":"https:\/\/tvc16.com\/portal\/2020\/11\/30\/municipios-terao-60-dias-para-apresentar-contas-da-educacao\/","title":{"rendered":"Munic\u00edpios ter\u00e3o 60 dias para apresentar contas da Educa\u00e7\u00e3o"},"content":{"rendered":"\n<p>As informa\u00e7\u00f5es sobre a execu\u00e7\u00e3o dos recursos recebidos em 2019 para fins educacionais, devem ser enviadas em um prazo de<a href=\"http:\/\/https:\/\/www.cnm.org.br\/comunicacao\/noticias\/cnm-alerta-sobre-novos-prazos-para-prestacao-de-contas-dos-programas-educacionais\"> 60 dias <\/a>aos Conselhos Municipais a partir do ano que vem. O novo prazo foi definido pela resolu\u00e7\u00e3o 10\/2020 com base no fim do Estado de Calamidade P\u00fablica (ECP) estabelecido pelo Governo Federal para o dia 31 de dezembro de 2020.&nbsp;<\/p>\n\n\n\n<p>Os Conselhos de Controle Social tamb\u00e9m tiveram prazos prorrogados. A partir de 1\u00ba de Marco, encerrado o per\u00edodo para envio das presta\u00e7\u00f5es, os conselheiros ter\u00e3o mais 60 dias para analisar as informa\u00e7\u00f5es e enviar os seus pareceres pelo Sistema de Gest\u00e3o de Conselhos (Sigecon).<\/p>\n\n\n\n<p>A amplia\u00e7\u00e3o de prazos atende ao pleito municipalista encaminhado por meio de of\u00edcio ao Fundo Nacional de Desenvolvimento da Educa\u00e7\u00e3o (FNDE) no dia 31 de mar\u00e7o.<\/p>\n\n\n\n<p>Os munic\u00edpios dever\u00e3o prestar conta dos programas Nacional de Alimenta\u00e7\u00e3o Escolar (Pnae); Transporte de Escolar (Pnate); Dinheiro Direto na Escola (PDDE) e A\u00e7\u00f5es Agregadas; entre outros.<\/p>\n\n\n\n<p>Fonte: <a href=\"https:\/\/brasil61.com\/noticias\/municipios-terao-60-dias-para-apresentar-contas-da-educacao-bras202794\" target=\"_blank\" rel=\"noreferrer noopener\">Brasil 61<\/a><\/p>\n","protected":false},"excerpt":{"rendered":"<p>As informa\u00e7\u00f5es sobre a execu\u00e7\u00e3o dos recursos recebidos em 2019 para fins educacionais, devem ser<\/p>\n","protected":false},"author":2,"featured_media":7084,"comment_status":"open","ping_status":"open","sticky":false,"template":"","format":"standard","meta":{"footnotes":""},"categories":[19],"tags":[],"class_list":["post-7083","post","type-post","status-publish","format-standard","has-post-thumbnail","hentry","category-educacao"],"_links":{"self":[{"href":"https:\/\/tvc16.com\/portal\/wp-json\/wp\/v2\/posts\/7083","targetHints":{"allow":["GET"]}}],"collection":[{"href":"https:\/\/tvc16.com\/portal\/wp-json\/wp\/v2\/posts"}],"about":[{"href":"https:\/\/tvc16.com\/portal\/wp-json\/wp\/v2\/types\/post"}],"author":[{"embeddable":true,"href":"https:\/\/tvc16.com\/portal\/wp-json\/wp\/v2\/users\/2"}],"replies":[{"embeddable":true,"href":"https:\/\/tvc16.com\/portal\/wp-json\/wp\/v2\/comments?post=7083"}],"version-history":[{"count":1,"href":"https:\/\/tvc16.com\/portal\/wp-json\/wp\/v2\/posts\/7083\/revisions"}],"predecessor-version":[{"id":7085,"href":"https:\/\/tvc16.com\/portal\/wp-json\/wp\/v2\/posts\/7083\/revisions\/7085"}],"wp:featuredmedia":[{"embeddable":true,"href":"https:\/\/tvc16.com\/portal\/wp-json\/wp\/v2\/media\/7084"}],"wp:attachment":[{"href":"https:\/\/tvc16.com\/portal\/wp-json\/wp\/v2\/media?parent=7083"}],"wp:term":[{"taxonomy":"category","embeddable":true,"href":"https:\/\/tvc16.com\/portal\/wp-json\/wp\/v2\/categories?post=7083"},{"taxonomy":"post_tag","embeddable":true,"href":"https:\/\/tvc16.com\/portal\/wp-json\/wp\/v2\/tags?post=7083"}],"curies":[{"name":"wp","href":"https:\/\/api.w.org\/{rel}","templated":true}]}}