{"id":70836,"date":"2023-10-25T11:37:59","date_gmt":"2023-10-25T14:37:59","guid":{"rendered":"https:\/\/tvc16.com\/portal\/?p=70836"},"modified":"2023-10-25T11:38:01","modified_gmt":"2023-10-25T14:38:01","slug":"secretaria-de-saude-de-nova-friburgo-realiza-mais-um-dia-de-vacinacao-antirrabica-2","status":"publish","type":"post","link":"https:\/\/tvc16.com\/portal\/2023\/10\/25\/secretaria-de-saude-de-nova-friburgo-realiza-mais-um-dia-de-vacinacao-antirrabica-2\/","title":{"rendered":"SECRETARIA DE SA\u00daDE DE NOVA FRIBURGO REALIZA MAIS UM DIA DE VACINA\u00c7\u00c3O ANTIRR\u00c1BICA"},"content":{"rendered":"\n<p>Dando continuidade \u00e0&nbsp;vacina\u00e7\u00e3o antirr\u00e1bica em Nova Friburgo, a Secretaria de Sa\u00fade, por meio da Subsecretaria de Vigil\u00e2ncia em Sa\u00fade, realiza mais um dia de campanha no pr\u00f3ximo s\u00e1bado, 28, das 9 \u00e0s 16 horas. Confira os locais:<\/p>\n\n\n\n<p>E.M. Rui Sanglard, no Rui Sanglard;<br>E.M. Umbelina B. de Queiroz, no Jardim Calif\u00f3rnia;<br>Creche Municipal Leda Tavares, em Duas Pedras;<br>Unidade B\u00e1sica de Sa\u00fade de S\u00e3o Geraldo;<br>E.M. Bernardo Pacheco, em Santa Bernadete;<br>E.M. Herm\u00ednia S. Silva, no C\u00f3rrego D\u2019antas.<\/p>\n\n\n\n<p>\u00c9 muito importante que os c\u00e3es e gatos tomem a vacina contra a raiva para prevenir a doen\u00e7a. Para isso, \u00e9 preciso que o tutor tenha o RG, CPF e, se poss\u00edvel, a caderneta vacinal do seu animal. Aqueles que quiserem levar a dose para casa precisar\u00e3o ter em m\u00e3os uma caixa de isopor com gelo.<\/p>\n","protected":false},"excerpt":{"rendered":"<p>Dando continuidade \u00e0&nbsp;vacina\u00e7\u00e3o antirr\u00e1bica em Nova Friburgo, a Secretaria de Sa\u00fade, por meio da Subsecretaria<\/p>\n","protected":false},"author":2,"featured_media":70837,"comment_status":"open","ping_status":"open","sticky":false,"template":"","format":"standard","meta":{"footnotes":""},"categories":[17],"tags":[],"class_list":["post-70836","post","type-post","status-publish","format-standard","has-post-thumbnail","hentry","category-outras-noticias"],"_links":{"self":[{"href":"https:\/\/tvc16.com\/portal\/wp-json\/wp\/v2\/posts\/70836","targetHints":{"allow":["GET"]}}],"collection":[{"href":"https:\/\/tvc16.com\/portal\/wp-json\/wp\/v2\/posts"}],"about":[{"href":"https:\/\/tvc16.com\/portal\/wp-json\/wp\/v2\/types\/post"}],"author":[{"embeddable":true,"href":"https:\/\/tvc16.com\/portal\/wp-json\/wp\/v2\/users\/2"}],"replies":[{"embeddable":true,"href":"https:\/\/tvc16.com\/portal\/wp-json\/wp\/v2\/comments?post=70836"}],"version-history":[{"count":2,"href":"https:\/\/tvc16.com\/portal\/wp-json\/wp\/v2\/posts\/70836\/revisions"}],"predecessor-version":[{"id":70853,"href":"https:\/\/tvc16.com\/portal\/wp-json\/wp\/v2\/posts\/70836\/revisions\/70853"}],"wp:featuredmedia":[{"embeddable":true,"href":"https:\/\/tvc16.com\/portal\/wp-json\/wp\/v2\/media\/70837"}],"wp:attachment":[{"href":"https:\/\/tvc16.com\/portal\/wp-json\/wp\/v2\/media?parent=70836"}],"wp:term":[{"taxonomy":"category","embeddable":true,"href":"https:\/\/tvc16.com\/portal\/wp-json\/wp\/v2\/categories?post=70836"},{"taxonomy":"post_tag","embeddable":true,"href":"https:\/\/tvc16.com\/portal\/wp-json\/wp\/v2\/tags?post=70836"}],"curies":[{"name":"wp","href":"https:\/\/api.w.org\/{rel}","templated":true}]}}