{"id":70839,"date":"2023-10-25T11:36:55","date_gmt":"2023-10-25T14:36:55","guid":{"rendered":"https:\/\/tvc16.com\/portal\/?p=70839"},"modified":"2023-10-25T11:36:56","modified_gmt":"2023-10-25T14:36:56","slug":"prefeitura-de-teresopolis-constroi-faixa-elevada-de-pedestres-em-trecho-da-reta","status":"publish","type":"post","link":"https:\/\/tvc16.com\/portal\/2023\/10\/25\/prefeitura-de-teresopolis-constroi-faixa-elevada-de-pedestres-em-trecho-da-reta\/","title":{"rendered":"Prefeitura de Teres\u00f3polis constr\u00f3i faixa elevada de pedestres em trecho da Reta"},"content":{"rendered":"\n<p>Desde esta segunda-feira (23), o trecho da Avenida Feliciano Sodr\u00e9 em frente ao supermercado Green Fruit, na V\u00e1rzea, est\u00e1 parcialmente interditado, com os ve\u00edculos circulando em meia pista nos dois sentidos.<\/p>\n\n\n\n<p>O motivo \u00e9 a constru\u00e7\u00e3o de uma faixa elevada de pedestres, que tem como fun\u00e7\u00e3o fazer com que os motoristas reduzam a velocidade ao passar pelo local, garantindo a travessia segura de pedestres.<\/p>\n\n\n\n<p>Inicialmente prevista para durar 10 dias, a interdi\u00e7\u00e3o parcial de tr\u00e2nsito ocorre das 7h \u00e0s 18h, de segunda a sexta-feira.<\/p>\n\n\n\n<p>Agentes de tr\u00e2nsito da Guarda Civil Municipal\/Secretaria de Seguran\u00e7a P\u00fablica intensificam a orienta\u00e7\u00e3o dos motoristas.<\/p>\n","protected":false},"excerpt":{"rendered":"<p>Desde esta segunda-feira (23), o trecho da Avenida Feliciano Sodr\u00e9 em frente ao supermercado Green<\/p>\n","protected":false},"author":2,"featured_media":70840,"comment_status":"open","ping_status":"open","sticky":false,"template":"","format":"standard","meta":{"footnotes":""},"categories":[17],"tags":[],"class_list":["post-70839","post","type-post","status-publish","format-standard","has-post-thumbnail","hentry","category-outras-noticias"],"_links":{"self":[{"href":"https:\/\/tvc16.com\/portal\/wp-json\/wp\/v2\/posts\/70839","targetHints":{"allow":["GET"]}}],"collection":[{"href":"https:\/\/tvc16.com\/portal\/wp-json\/wp\/v2\/posts"}],"about":[{"href":"https:\/\/tvc16.com\/portal\/wp-json\/wp\/v2\/types\/post"}],"author":[{"embeddable":true,"href":"https:\/\/tvc16.com\/portal\/wp-json\/wp\/v2\/users\/2"}],"replies":[{"embeddable":true,"href":"https:\/\/tvc16.com\/portal\/wp-json\/wp\/v2\/comments?post=70839"}],"version-history":[{"count":1,"href":"https:\/\/tvc16.com\/portal\/wp-json\/wp\/v2\/posts\/70839\/revisions"}],"predecessor-version":[{"id":70841,"href":"https:\/\/tvc16.com\/portal\/wp-json\/wp\/v2\/posts\/70839\/revisions\/70841"}],"wp:featuredmedia":[{"embeddable":true,"href":"https:\/\/tvc16.com\/portal\/wp-json\/wp\/v2\/media\/70840"}],"wp:attachment":[{"href":"https:\/\/tvc16.com\/portal\/wp-json\/wp\/v2\/media?parent=70839"}],"wp:term":[{"taxonomy":"category","embeddable":true,"href":"https:\/\/tvc16.com\/portal\/wp-json\/wp\/v2\/categories?post=70839"},{"taxonomy":"post_tag","embeddable":true,"href":"https:\/\/tvc16.com\/portal\/wp-json\/wp\/v2\/tags?post=70839"}],"curies":[{"name":"wp","href":"https:\/\/api.w.org\/{rel}","templated":true}]}}