{"id":70842,"date":"2023-10-25T11:37:17","date_gmt":"2023-10-25T14:37:17","guid":{"rendered":"https:\/\/tvc16.com\/portal\/?p=70842"},"modified":"2023-10-25T11:37:20","modified_gmt":"2023-10-25T14:37:20","slug":"natal-iluminado-inauguracao-parada-de-natal-e-muito-mais-iniciam-a-melhor-epoca-do-ano-em-paraiba-do-sul","status":"publish","type":"post","link":"https:\/\/tvc16.com\/portal\/2023\/10\/25\/natal-iluminado-inauguracao-parada-de-natal-e-muito-mais-iniciam-a-melhor-epoca-do-ano-em-paraiba-do-sul\/","title":{"rendered":"Natal Iluminado: Inaugura\u00e7\u00e3o, Parada de Natal e muito mais iniciam a melhor \u00e9poca do ano em Para\u00edba do Sul"},"content":{"rendered":"\n<p>A magia do Natal invadir\u00e1 a cidade de Para\u00edba do Sul a partir da sexta-feira, dia 3 de novembro. A Prefeitura, por meio da Funda\u00e7\u00e3o Cultural e da Secretaria de Turismo, Esporte e Lazer, promover\u00e1 uma programa\u00e7\u00e3o natalina especial para todos os sul-paraibanos e visitantes nesta \u00e9poca de alta temporada.<\/p>\n\n\n\n<p>\u201cNosso compromisso \u00e9 sempre oferecer o melhor para todos os visitantes de nossa cidade e, principalmente, aos moradores de Para\u00edba do Sul. O Natal \u00e9 uma \u00e9poca de confraterniza\u00e7\u00e3o e felicidade, por isso preparamos, anualmente, essa comemora\u00e7\u00e3o t\u00e3o importante \u00e0 altura do que a cidade merece. Ano passado foi lindo e esse ano n\u00e3o tem como ser diferente. Espero que todos gostem, pois foi tudo pensado e planejado com muito carinho\u201d, disse a prefeita Dayse Onofre.<\/p>\n\n\n\n<p>A partir das 18h30, a abertura do Natal Iluminado acontecer\u00e1 na Pra\u00e7a da Bandeira com a inaugura\u00e7\u00e3o de mais um novo ponto tur\u00edstico da cidade: a Pra\u00e7a de Todos os Amores. Ap\u00f3s a solenidade, a Parada de Natal sai Pra\u00e7a em dire\u00e7\u00e3o ao ponto central da cidade, a Pra\u00e7a Garcia, passando pelo trajeto da Rua Saldanha Marinho e Avenida Ayrton Senna. L\u00e1, o acender das luzes encantar\u00e1 todos os presentes.<\/p>\n\n\n\n<p>\u201cSer\u00e1 mais um natal feliz na cidade. Incentivar esses eventos nos espa\u00e7os p\u00fablicos valoriza n\u00e3o somente esses ambientes, mas a cidade como um todo, a cultura e os destinos tur\u00edsticos que j\u00e1 s\u00e3o tradicionais. Al\u00e9m de promovermos essa festa para os sul-paraibanos, ficamos extremamente felizes em recepcionar os turistas que, no ano passado, se encantaram com a programa\u00e7\u00e3o\u201d, disse a secret\u00e1ria de Turismo, Esporte e Lazer, Carol Duarte.<\/p>\n\n\n\n<p>A ilumina\u00e7\u00e3o natalina deste ano promete superar a magia do show de luzes do ano passado. Teremos a grandiosa \u00e1rvore de natal, 122 itens decorativos, 900 metros de chuva de meteoro, com mais 4 mil metros de leds brancos quentes e 1.500 metros de leds coloridos e branco frio ir\u00e3o compor a decora\u00e7\u00e3o na cidade de Para\u00edba do Sul.<\/p>\n","protected":false},"excerpt":{"rendered":"<p>A magia do Natal invadir\u00e1 a cidade de Para\u00edba do Sul a partir da sexta-feira,<\/p>\n","protected":false},"author":2,"featured_media":70843,"comment_status":"open","ping_status":"open","sticky":false,"template":"","format":"standard","meta":{"footnotes":""},"categories":[17],"tags":[],"class_list":["post-70842","post","type-post","status-publish","format-standard","has-post-thumbnail","hentry","category-outras-noticias"],"_links":{"self":[{"href":"https:\/\/tvc16.com\/portal\/wp-json\/wp\/v2\/posts\/70842","targetHints":{"allow":["GET"]}}],"collection":[{"href":"https:\/\/tvc16.com\/portal\/wp-json\/wp\/v2\/posts"}],"about":[{"href":"https:\/\/tvc16.com\/portal\/wp-json\/wp\/v2\/types\/post"}],"author":[{"embeddable":true,"href":"https:\/\/tvc16.com\/portal\/wp-json\/wp\/v2\/users\/2"}],"replies":[{"embeddable":true,"href":"https:\/\/tvc16.com\/portal\/wp-json\/wp\/v2\/comments?post=70842"}],"version-history":[{"count":1,"href":"https:\/\/tvc16.com\/portal\/wp-json\/wp\/v2\/posts\/70842\/revisions"}],"predecessor-version":[{"id":70844,"href":"https:\/\/tvc16.com\/portal\/wp-json\/wp\/v2\/posts\/70842\/revisions\/70844"}],"wp:featuredmedia":[{"embeddable":true,"href":"https:\/\/tvc16.com\/portal\/wp-json\/wp\/v2\/media\/70843"}],"wp:attachment":[{"href":"https:\/\/tvc16.com\/portal\/wp-json\/wp\/v2\/media?parent=70842"}],"wp:term":[{"taxonomy":"category","embeddable":true,"href":"https:\/\/tvc16.com\/portal\/wp-json\/wp\/v2\/categories?post=70842"},{"taxonomy":"post_tag","embeddable":true,"href":"https:\/\/tvc16.com\/portal\/wp-json\/wp\/v2\/tags?post=70842"}],"curies":[{"name":"wp","href":"https:\/\/api.w.org\/{rel}","templated":true}]}}