{"id":70845,"date":"2023-10-25T11:21:49","date_gmt":"2023-10-25T14:21:49","guid":{"rendered":"https:\/\/tvc16.com\/portal\/?p=70845"},"modified":"2023-10-25T11:21:50","modified_gmt":"2023-10-25T14:21:50","slug":"atletas-de-valenca-da-academia-rk3-de-karate-se-destacam-em-competicoes","status":"publish","type":"post","link":"https:\/\/tvc16.com\/portal\/2023\/10\/25\/atletas-de-valenca-da-academia-rk3-de-karate-se-destacam-em-competicoes\/","title":{"rendered":"Atletas de Valen\u00e7a da Academia RK3 de Karat\u00ea se destacam em competi\u00e7\u00f5es"},"content":{"rendered":"\n<p>No \u00faltimo domingo, dia 22, atletas da Academia RK3 da cidade de Valen\u00e7a, disputaram o Campeonato Estadual de Karat\u00ea Interestilos\/Open Resende de Karat\u00ea.<\/p>\n\n\n\n<p>A competi\u00e7\u00e3o aconteceu no Gin\u00e1sio Poliesportivo do Col\u00e9gio Santa ngela e contou com a participa\u00e7\u00e3o de 44 academias, mais de 700 atletas de todo Estado do Rio de Janeiro.<\/p>\n\n\n\n<p>A RK3 ficou em primeiro lugar nas duas etapas, com 28 medalhas de ouro, 14 de prata e 16 de bronze.<br>A Sensei Lara, ressaltou que as vit\u00f3rias s\u00e3o merecidas e evidenciam o intenso treinamento da equipe, composta por atletas disciplinados e dedicados.<br>&#8220;Nossa equipe \u00e9 bem unida, est\u00e1vamos convictos que \u00edamos conseguir fazer boas lutas. Com isso e com o apoio dos t\u00e9cnicos a gente conseguiu sair campe\u00e3o e trazer a vit\u00f3ria para Valen\u00e7a\u201d, comemorou Lara.<\/p>\n\n\n\n<p>Para finalizar a Sensei Lara, agradeceu o apoio do Prefeito Fernandinho Gra\u00e7a, atrav\u00e9s da Secretaria de Esporte e Lazer, com a cess\u00e3o do espa\u00e7o no Centro da Melhor Idade para treinamento dos atletas.<\/p>\n","protected":false},"excerpt":{"rendered":"<p>No \u00faltimo domingo, dia 22, atletas da Academia RK3 da cidade de Valen\u00e7a, disputaram o<\/p>\n","protected":false},"author":2,"featured_media":70846,"comment_status":"open","ping_status":"open","sticky":false,"template":"","format":"standard","meta":{"footnotes":""},"categories":[17],"tags":[],"class_list":["post-70845","post","type-post","status-publish","format-standard","has-post-thumbnail","hentry","category-outras-noticias"],"_links":{"self":[{"href":"https:\/\/tvc16.com\/portal\/wp-json\/wp\/v2\/posts\/70845","targetHints":{"allow":["GET"]}}],"collection":[{"href":"https:\/\/tvc16.com\/portal\/wp-json\/wp\/v2\/posts"}],"about":[{"href":"https:\/\/tvc16.com\/portal\/wp-json\/wp\/v2\/types\/post"}],"author":[{"embeddable":true,"href":"https:\/\/tvc16.com\/portal\/wp-json\/wp\/v2\/users\/2"}],"replies":[{"embeddable":true,"href":"https:\/\/tvc16.com\/portal\/wp-json\/wp\/v2\/comments?post=70845"}],"version-history":[{"count":1,"href":"https:\/\/tvc16.com\/portal\/wp-json\/wp\/v2\/posts\/70845\/revisions"}],"predecessor-version":[{"id":70847,"href":"https:\/\/tvc16.com\/portal\/wp-json\/wp\/v2\/posts\/70845\/revisions\/70847"}],"wp:featuredmedia":[{"embeddable":true,"href":"https:\/\/tvc16.com\/portal\/wp-json\/wp\/v2\/media\/70846"}],"wp:attachment":[{"href":"https:\/\/tvc16.com\/portal\/wp-json\/wp\/v2\/media?parent=70845"}],"wp:term":[{"taxonomy":"category","embeddable":true,"href":"https:\/\/tvc16.com\/portal\/wp-json\/wp\/v2\/categories?post=70845"},{"taxonomy":"post_tag","embeddable":true,"href":"https:\/\/tvc16.com\/portal\/wp-json\/wp\/v2\/tags?post=70845"}],"curies":[{"name":"wp","href":"https:\/\/api.w.org\/{rel}","templated":true}]}}